{"id":3182,"date":"2024-09-23T19:20:13","date_gmt":"2024-09-23T17:20:13","guid":{"rendered":"https:\/\/www.comunicacionyescuela.es\/2024\/?p=3182"},"modified":"2024-09-23T19:20:14","modified_gmt":"2024-09-23T17:20:14","slug":"viaje-a-madrid-y-burgos-de-los-alumnos-as-de-2o-de-bachillerato","status":"publish","type":"post","link":"https:\/\/www.comunicacionyescuela.es\/2024\/viaje-a-madrid-y-burgos-de-los-alumnos-as-de-2o-de-bachillerato\/","title":{"rendered":"Viaje a Madrid y Burgos de los alumnos\/as de 2\u00ba de Bachillerato"},"content":{"rendered":"\n<p>Los alumnos\/as de 2\u00ba de Bachillerato del IES Elisa y Luis Villamil viajar\u00e1n a Madrid y Burgos entre los pr\u00f3ximos d\u00edas 23 al 26 de septiembre en una actividad que pretende acercarles a importantes fuentes de conocimiento, tanto del \u00e1mbito cient\u00edfico como del \u00e1mbito de las humanidades.<br>El programa del viaje incluye una visita al monasterio de El Escorial, al Madrid de los Borbones y al Madrid de los Austrias, al Centro de Investigaciones Biol\u00f3gicas Margarita Salas, la asistencia a una representaci\u00f3n teatral en el Teatro Amaya, una visita al Senado de Espa\u00f1a, as\u00ed como al Museo del Real Madrid en el Estadio Santiago Bernabeu y al Museo de la Evoluci\u00f3n en Burgos.<br>Se ha previsto igualmente un encuentro y una cena de los estudiantes con Francisco Rodr\u00edguez y familia, pues este viaje es \u00edntegramente sufragado por la Fundaci\u00f3n Reny Picot y se enmarca en las actividades del \u201cAula Francisco Rodr\u00edguez Garc\u00eda\u201d.<\/p>\n","protected":false},"excerpt":{"rendered":"<p>Los alumnos\/as de 2\u00ba de Bachillerato del IES Elisa y Luis Villamil viajar\u00e1n a Madrid y Burgos entre los pr\u00f3ximos d\u00edas 23 al 26 de septiembre en una actividad que &#8230; <a title=\"Viaje a Madrid y Burgos de los alumnos\/as de 2\u00ba de Bachillerato\" class=\"read-more\" href=\"https:\/\/www.comunicacionyescuela.es\/2024\/viaje-a-madrid-y-burgos-de-los-alumnos-as-de-2o-de-bachillerato\/\" aria-label=\"Leer m\u00e1s sobre Viaje a Madrid y Burgos de los alumnos\/as de 2\u00ba de Bachillerato\">Leer m\u00e1s<\/a><\/p>\n","protected":false},"author":2,"featured_media":3183,"comment_status":"open","ping_status":"closed","sticky":false,"template":"","format":"standard","meta":{"ngg_post_thumbnail":0,"footnotes":""},"categories":[3],"tags":[],"class_list":["post-3182","post","type-post","status-publish","format-standard","has-post-thumbnail","hentry","category-actualidad-del-foro"],"_links":{"self":[{"href":"https:\/\/www.comunicacionyescuela.es\/2024\/wp-json\/wp\/v2\/posts\/3182","targetHints":{"allow":["GET"]}}],"collection":[{"href":"https:\/\/www.comunicacionyescuela.es\/2024\/wp-json\/wp\/v2\/posts"}],"about":[{"href":"https:\/\/www.comunicacionyescuela.es\/2024\/wp-json\/wp\/v2\/types\/post"}],"author":[{"embeddable":true,"href":"https:\/\/www.comunicacionyescuela.es\/2024\/wp-json\/wp\/v2\/users\/2"}],"replies":[{"embeddable":true,"href":"https:\/\/www.comunicacionyescuela.es\/2024\/wp-json\/wp\/v2\/comments?post=3182"}],"version-history":[{"count":1,"href":"https:\/\/www.comunicacionyescuela.es\/2024\/wp-json\/wp\/v2\/posts\/3182\/revisions"}],"predecessor-version":[{"id":3184,"href":"https:\/\/www.comunicacionyescuela.es\/2024\/wp-json\/wp\/v2\/posts\/3182\/revisions\/3184"}],"wp:featuredmedia":[{"embeddable":true,"href":"https:\/\/www.comunicacionyescuela.es\/2024\/wp-json\/wp\/v2\/media\/3183"}],"wp:attachment":[{"href":"https:\/\/www.comunicacionyescuela.es\/2024\/wp-json\/wp\/v2\/media?parent=3182"}],"wp:term":[{"taxonomy":"category","embeddable":true,"href":"https:\/\/www.comunicacionyescuela.es\/2024\/wp-json\/wp\/v2\/categories?post=3182"},{"taxonomy":"post_tag","embeddable":true,"href":"https:\/\/www.comunicacionyescuela.es\/2024\/wp-json\/wp\/v2\/tags?post=3182"}],"curies":[{"name":"wp","href":"https:\/\/api.w.org\/{rel}","templated":true}]}}