{"id":3179,"date":"2024-09-23T19:16:44","date_gmt":"2024-09-23T17:16:44","guid":{"rendered":"https:\/\/www.comunicacionyescuela.es\/2024\/?p=3179"},"modified":"2024-09-23T19:16:44","modified_gmt":"2024-09-23T17:16:44","slug":"fernando-garcia-una-guerra-es-el-mayor-desastre-de-la-humanidad-y-mas-si-es-entrevecinos","status":"publish","type":"post","link":"https:\/\/www.comunicacionyescuela.es\/2024\/fernando-garcia-una-guerra-es-el-mayor-desastre-de-la-humanidad-y-mas-si-es-entrevecinos\/","title":{"rendered":"Fernando Garc\u00eda: \u201cUna guerra es el mayor desastre de la humanidad, y m\u00e1s si es entrevecinos\u201d"},"content":{"rendered":"\n<p>Fernando Garc\u00eda, autor del libro \u201cMemoria de Arnao, campo de concentraci\u00f3n de Figueras\u201d, traslad\u00f3 en su conferencia al alumnado de 4\u00ba de Educaci\u00f3n Secundaria del IES Elisa y Luis Villamil que \u201cuna guerra es el mayor desastre de la humanidad, y m\u00e1s si es entre vecinos\u201d. Lo hizo durante su disertaci\u00f3n refiri\u00e9ndose al campo de concentraci\u00f3n de la dictadura franquista que se levant\u00f3 en Arnao (Figueras) entre 1937 y 1943, a\u00f1os en los que estuvo operativo.<br>La conferencia y posterior visita a los terrenos que ocup\u00f3 ese establecimiento de represi\u00f3n ten\u00eda como finalidad hacer ver a los estudiantes el terrible significado que tuvo un espacio en el que se priv\u00f3 de libertad a m\u00e1s de 2.000 personas durante el tiempo en el que estuvo operativo, y que se cerr\u00f3, seg\u00fan el conferenciante, \u201cporque ya no era justificable a ojos de otros pa\u00edses de Europa\u201d, entre otros motivos.<br>Esta jornada dedicada al campo de concentraci\u00f3n de Arnao se inici\u00f3 en la Casa de Cultura de Figueras donde tuvo lugar la conferencia y concluy\u00f3 con una visita de los estudiantes hasta los terrenos de Arnao donde fue construido el campo de internamiento.<\/p>\n","protected":false},"excerpt":{"rendered":"<p>Fernando Garc\u00eda, autor del libro \u201cMemoria de Arnao, campo de concentraci\u00f3n de Figueras\u201d, traslad\u00f3 en su conferencia al alumnado de 4\u00ba de Educaci\u00f3n Secundaria del IES Elisa y Luis Villamil &#8230; <a title=\"Fernando Garc\u00eda: \u201cUna guerra es el mayor desastre de la humanidad, y m\u00e1s si es entrevecinos\u201d\" class=\"read-more\" href=\"https:\/\/www.comunicacionyescuela.es\/2024\/fernando-garcia-una-guerra-es-el-mayor-desastre-de-la-humanidad-y-mas-si-es-entrevecinos\/\" aria-label=\"Leer m\u00e1s sobre Fernando Garc\u00eda: \u201cUna guerra es el mayor desastre de la humanidad, y m\u00e1s si es entrevecinos\u201d\">Leer m\u00e1s<\/a><\/p>\n","protected":false},"author":2,"featured_media":3180,"comment_status":"open","ping_status":"closed","sticky":false,"template":"","format":"standard","meta":{"ngg_post_thumbnail":0,"footnotes":""},"categories":[3],"tags":[],"class_list":["post-3179","post","type-post","status-publish","format-standard","has-post-thumbnail","hentry","category-actualidad-del-foro"],"_links":{"self":[{"href":"https:\/\/www.comunicacionyescuela.es\/2024\/wp-json\/wp\/v2\/posts\/3179","targetHints":{"allow":["GET"]}}],"collection":[{"href":"https:\/\/www.comunicacionyescuela.es\/2024\/wp-json\/wp\/v2\/posts"}],"about":[{"href":"https:\/\/www.comunicacionyescuela.es\/2024\/wp-json\/wp\/v2\/types\/post"}],"author":[{"embeddable":true,"href":"https:\/\/www.comunicacionyescuela.es\/2024\/wp-json\/wp\/v2\/users\/2"}],"replies":[{"embeddable":true,"href":"https:\/\/www.comunicacionyescuela.es\/2024\/wp-json\/wp\/v2\/comments?post=3179"}],"version-history":[{"count":1,"href":"https:\/\/www.comunicacionyescuela.es\/2024\/wp-json\/wp\/v2\/posts\/3179\/revisions"}],"predecessor-version":[{"id":3181,"href":"https:\/\/www.comunicacionyescuela.es\/2024\/wp-json\/wp\/v2\/posts\/3179\/revisions\/3181"}],"wp:featuredmedia":[{"embeddable":true,"href":"https:\/\/www.comunicacionyescuela.es\/2024\/wp-json\/wp\/v2\/media\/3180"}],"wp:attachment":[{"href":"https:\/\/www.comunicacionyescuela.es\/2024\/wp-json\/wp\/v2\/media?parent=3179"}],"wp:term":[{"taxonomy":"category","embeddable":true,"href":"https:\/\/www.comunicacionyescuela.es\/2024\/wp-json\/wp\/v2\/categories?post=3179"},{"taxonomy":"post_tag","embeddable":true,"href":"https:\/\/www.comunicacionyescuela.es\/2024\/wp-json\/wp\/v2\/tags?post=3179"}],"curies":[{"name":"wp","href":"https:\/\/api.w.org\/{rel}","templated":true}]}}