{"id":3166,"date":"2024-09-23T19:06:06","date_gmt":"2024-09-23T17:06:06","guid":{"rendered":"https:\/\/www.comunicacionyescuela.es\/2024\/?p=3166"},"modified":"2024-09-23T19:07:59","modified_gmt":"2024-09-23T17:07:59","slug":"miguel-angel-de-blas-en-el-occidente-existen-vestigios-arqueologicos-de-gran-importancia","status":"publish","type":"post","link":"https:\/\/www.comunicacionyescuela.es\/2024\/miguel-angel-de-blas-en-el-occidente-existen-vestigios-arqueologicos-de-gran-importancia\/","title":{"rendered":"Miguel \u00c1ngel de Blas: \u201cEn el occidente existen vestigios arqueol\u00f3gicos de gran importancia\u201d"},"content":{"rendered":"\n<p>El catedr\u00e1tico de Prehistoria de la Universidad de Oviedo, Miguel \u00c1ngel de Blas, puso de manifiesto en la conferencia desarrollada en la Biblioteca de Castropol que el occidente de Asturias posee importantes restos arqueol\u00f3gicos que, en algunos casos, adquieren gran relevancia, aunque un n\u00famero importante de ellos permanecen sin estudiar.<\/p>\n\n\n\n<p>Durante su interesante exposici\u00f3n, hizo un exhaustivo recorrido por algunos de los restos que se conservan, tanto en el concejo de Castropol, como en otros municipios de la comarca Oscos-Eo, al tiempo que reivindic\u00f3 el valor de la Arqueolog\u00eda como ciencia que permite profundizar&nbsp; en la explicaci\u00f3n de la historia de la humanidad.<\/p>\n\n\n\n<p>Esta conferencia cont\u00f3 con la colaboraci\u00f3n de la Biblioteca de Castropol y a la misma asisti\u00f3 numeroso p\u00fablico.<\/p>\n","protected":false},"excerpt":{"rendered":"<p>El catedr\u00e1tico de Prehistoria de la Universidad de Oviedo, Miguel \u00c1ngel de Blas, puso de manifiesto en la conferencia desarrollada en la Biblioteca de Castropol que el occidente de Asturias &#8230; <a title=\"Miguel \u00c1ngel de Blas: \u201cEn el occidente existen vestigios arqueol\u00f3gicos de gran importancia\u201d\" class=\"read-more\" href=\"https:\/\/www.comunicacionyescuela.es\/2024\/miguel-angel-de-blas-en-el-occidente-existen-vestigios-arqueologicos-de-gran-importancia\/\" aria-label=\"Leer m\u00e1s sobre Miguel \u00c1ngel de Blas: \u201cEn el occidente existen vestigios arqueol\u00f3gicos de gran importancia\u201d\">Leer m\u00e1s<\/a><\/p>\n","protected":false},"author":2,"featured_media":3169,"comment_status":"open","ping_status":"closed","sticky":false,"template":"","format":"standard","meta":{"ngg_post_thumbnail":0,"footnotes":""},"categories":[3],"tags":[],"class_list":["post-3166","post","type-post","status-publish","format-standard","has-post-thumbnail","hentry","category-actualidad-del-foro"],"_links":{"self":[{"href":"https:\/\/www.comunicacionyescuela.es\/2024\/wp-json\/wp\/v2\/posts\/3166","targetHints":{"allow":["GET"]}}],"collection":[{"href":"https:\/\/www.comunicacionyescuela.es\/2024\/wp-json\/wp\/v2\/posts"}],"about":[{"href":"https:\/\/www.comunicacionyescuela.es\/2024\/wp-json\/wp\/v2\/types\/post"}],"author":[{"embeddable":true,"href":"https:\/\/www.comunicacionyescuela.es\/2024\/wp-json\/wp\/v2\/users\/2"}],"replies":[{"embeddable":true,"href":"https:\/\/www.comunicacionyescuela.es\/2024\/wp-json\/wp\/v2\/comments?post=3166"}],"version-history":[{"count":1,"href":"https:\/\/www.comunicacionyescuela.es\/2024\/wp-json\/wp\/v2\/posts\/3166\/revisions"}],"predecessor-version":[{"id":3168,"href":"https:\/\/www.comunicacionyescuela.es\/2024\/wp-json\/wp\/v2\/posts\/3166\/revisions\/3168"}],"wp:featuredmedia":[{"embeddable":true,"href":"https:\/\/www.comunicacionyescuela.es\/2024\/wp-json\/wp\/v2\/media\/3169"}],"wp:attachment":[{"href":"https:\/\/www.comunicacionyescuela.es\/2024\/wp-json\/wp\/v2\/media?parent=3166"}],"wp:term":[{"taxonomy":"category","embeddable":true,"href":"https:\/\/www.comunicacionyescuela.es\/2024\/wp-json\/wp\/v2\/categories?post=3166"},{"taxonomy":"post_tag","embeddable":true,"href":"https:\/\/www.comunicacionyescuela.es\/2024\/wp-json\/wp\/v2\/tags?post=3166"}],"curies":[{"name":"wp","href":"https:\/\/api.w.org\/{rel}","templated":true}]}}