{"id":3146,"date":"2024-09-18T20:05:04","date_gmt":"2024-09-18T18:05:04","guid":{"rendered":"https:\/\/www.comunicacionyescuela.es\/2024\/?p=3146"},"modified":"2024-10-22T19:37:42","modified_gmt":"2024-10-22T17:37:42","slug":"el-comercio","status":"publish","type":"post","link":"https:\/\/www.comunicacionyescuela.es\/2024\/el-comercio\/","title":{"rendered":"El Comercio"},"content":{"rendered":"\n<p><a href=\"https:\/\/www.elcomercio.es\/asturias\/presidente-senado-medio-rural-asturias-vegadeo-20241018161912-nt.html\">El presidente del Senado en Vegadeo: \u00abNo dej\u00e9is que os deslumbren las luces de ne\u00f3n de la Gran V\u00eda\u00bb<\/a><\/p>\n\n\n\n<p><a href=\"https:\/\/www.elcomercio.es\/asturias\/occidente\/margarita-salas-demostro-esfuerzas-crees-posible-20241014191405-nt.html\">\u00abMargarita Salas demostr\u00f3 que si te esfuerzas y crees en ti, todo es posible\u00bb<\/a><\/p>\n\n\n\n<p><a href=\"https:\/\/www.elcomercio.es\/asturias\/estudiantes-necesitan-aprender-regularizar-uso-excesivo-movil-20241008220616-nt.html\">\u00abLos estudiantes necesitan aprender a regularizar el uso excesivo del m\u00f3vil\u00bb<\/a><\/p>\n\n\n\n<p><a href=\"https:\/\/www.elcomercio.es\/asturias\/barbon-porvenir-medio-rural-manos-escuelas-20240406225311-nt.html?ref=https%3A%2F%2Fwww.elcomercio.es%2Fasturias%2Fbarbon-porvenir-medio-rural-manos-escuelas-20240406225311-nt.html%3Fref%3Dhttps%3A%2F%2Fwww.elcomercio.es%2Fasturias%2Fbarbon-porvenir-medio-rural-manos-escuelas-20240406225311-nt.html\" target=\"_blank\" rel=\"noreferrer noopener\">Barb\u00f3n: \u00abEl porvenir del medio rural est\u00e1 en manos de las escuelas\u00bb<\/a><\/p>\n\n\n\n<p><a href=\"https:\/\/www.elcomercio.es\/culturas\/libros\/jornadas-transforman-vida-jovenes-crean-mentalidad-abierta-20240412093403-nt.html\" target=\"_blank\" rel=\"noreferrer noopener\">\u00abEstas jornadas transforman la vida de los j\u00f3venes y crean una mentalidad abierta y comprometida\u00bb<\/a><\/p>\n\n\n\n<p><a href=\"https:\/\/www.elcomercio.es\/asturias\/occidente\/alumnos-occidente-trabajo-diputados-20240528002113-nt.html\" target=\"_blank\" rel=\"noreferrer noopener\">Los alumnos del Occidente hacen el trabajo a los diputados<\/a><\/p>\n\n\n\n<p><a href=\"https:\/\/www.elcomercio.es\/asturias\/medio-rural-promete-agilizar-ayudas-ganaderos-afectados-20240902224540-nt.html\" target=\"_blank\" rel=\"noreferrer noopener\">Medio Rural promete agilizar las ayudas a los ganaderos afectados por el virus de las vacas<\/a><\/p>\n\n\n\n<p><\/p>\n","protected":false},"excerpt":{"rendered":"<p>El presidente del Senado en Vegadeo: \u00abNo dej\u00e9is que os deslumbren las luces de ne\u00f3n de la Gran V\u00eda\u00bb \u00abMargarita Salas demostr\u00f3 que si te esfuerzas y crees en ti, &#8230; <a title=\"El Comercio\" class=\"read-more\" href=\"https:\/\/www.comunicacionyescuela.es\/2024\/el-comercio\/\" aria-label=\"Leer m\u00e1s sobre El Comercio\">Leer m\u00e1s<\/a><\/p>\n","protected":false},"author":2,"featured_media":0,"comment_status":"open","ping_status":"closed","sticky":false,"template":"","format":"standard","meta":{"ngg_post_thumbnail":0,"footnotes":""},"categories":[6],"tags":[],"class_list":["post-3146","post","type-post","status-publish","format-standard","hentry","category-noticias-en-prensa"],"_links":{"self":[{"href":"https:\/\/www.comunicacionyescuela.es\/2024\/wp-json\/wp\/v2\/posts\/3146","targetHints":{"allow":["GET"]}}],"collection":[{"href":"https:\/\/www.comunicacionyescuela.es\/2024\/wp-json\/wp\/v2\/posts"}],"about":[{"href":"https:\/\/www.comunicacionyescuela.es\/2024\/wp-json\/wp\/v2\/types\/post"}],"author":[{"embeddable":true,"href":"https:\/\/www.comunicacionyescuela.es\/2024\/wp-json\/wp\/v2\/users\/2"}],"replies":[{"embeddable":true,"href":"https:\/\/www.comunicacionyescuela.es\/2024\/wp-json\/wp\/v2\/comments?post=3146"}],"version-history":[{"count":4,"href":"https:\/\/www.comunicacionyescuela.es\/2024\/wp-json\/wp\/v2\/posts\/3146\/revisions"}],"predecessor-version":[{"id":4620,"href":"https:\/\/www.comunicacionyescuela.es\/2024\/wp-json\/wp\/v2\/posts\/3146\/revisions\/4620"}],"wp:attachment":[{"href":"https:\/\/www.comunicacionyescuela.es\/2024\/wp-json\/wp\/v2\/media?parent=3146"}],"wp:term":[{"taxonomy":"category","embeddable":true,"href":"https:\/\/www.comunicacionyescuela.es\/2024\/wp-json\/wp\/v2\/categories?post=3146"},{"taxonomy":"post_tag","embeddable":true,"href":"https:\/\/www.comunicacionyescuela.es\/2024\/wp-json\/wp\/v2\/tags?post=3146"}],"curies":[{"name":"wp","href":"https:\/\/api.w.org\/{rel}","templated":true}]}}