{"id":9638,"date":"2023-09-26T19:11:01","date_gmt":"2023-09-26T17:11:01","guid":{"rendered":"https:\/\/www.comunicacionyescuela.es\/2023\/?p=9638"},"modified":"2023-09-26T19:11:03","modified_gmt":"2023-09-26T17:11:03","slug":"visita-a-la-escuela-naval-militar-de-marin","status":"publish","type":"post","link":"https:\/\/www.comunicacionyescuela.es\/2023\/actualidad-del-foro\/visita-a-la-escuela-naval-militar-de-marin\/","title":{"rendered":"Visita a la Escuela Naval Militar de Mar\u00edn"},"content":{"rendered":"\n<p><\/p>\n\n\n\n<p>Los alumnos\/as de 4\u00ba de Educaci\u00f3n Secundaria del IES Elisa y Luis Villamil visitar\u00e1n las instalaciones de la Escuela Naval Militar de Mar\u00edn (Pontevedra) en el marco de las actividades de este 15 Foro Comunicaci\u00f3n y Escuela. El objetivo de la visita es conocer de cerca el significado de las Fuerzas Armadas en un pa\u00eds democr\u00e1tico, as\u00ed como las salidas profesionales que estas ofrecen.<br>Cabe rese\u00f1ar, que la Escuela Naval Militar es el \u00fanico centro de formaci\u00f3n de los oficiales de la Armada Espa\u00f1ola. La visita tendr\u00e1 lugar el pr\u00f3ximo d\u00eda 18 de septiembre.<\/p>\n","protected":false},"excerpt":{"rendered":"<p>Los alumnos\/as de 4\u00ba de Educaci\u00f3n Secundaria del IES Elisa y Luis Villamil visitar\u00e1n las instalaciones de la Escuela Naval Militar de Mar\u00edn (Pontevedra) en el marco de las actividades &#8230; <a title=\"Visita a la Escuela Naval Militar de Mar\u00edn\" class=\"read-more\" href=\"https:\/\/www.comunicacionyescuela.es\/2023\/actualidad-del-foro\/visita-a-la-escuela-naval-militar-de-marin\/\" aria-label=\"Leer m\u00e1s sobre Visita a la Escuela Naval Militar de Mar\u00edn\">Leer m\u00e1s<\/a><\/p>\n","protected":false},"author":2,"featured_media":9639,"comment_status":"open","ping_status":"open","sticky":false,"template":"","format":"standard","meta":{"ngg_post_thumbnail":0,"footnotes":""},"categories":[1],"tags":[],"class_list":["post-9638","post","type-post","status-publish","format-standard","has-post-thumbnail","hentry","category-actualidad-del-foro"],"_links":{"self":[{"href":"https:\/\/www.comunicacionyescuela.es\/2023\/wp-json\/wp\/v2\/posts\/9638","targetHints":{"allow":["GET"]}}],"collection":[{"href":"https:\/\/www.comunicacionyescuela.es\/2023\/wp-json\/wp\/v2\/posts"}],"about":[{"href":"https:\/\/www.comunicacionyescuela.es\/2023\/wp-json\/wp\/v2\/types\/post"}],"author":[{"embeddable":true,"href":"https:\/\/www.comunicacionyescuela.es\/2023\/wp-json\/wp\/v2\/users\/2"}],"replies":[{"embeddable":true,"href":"https:\/\/www.comunicacionyescuela.es\/2023\/wp-json\/wp\/v2\/comments?post=9638"}],"version-history":[{"count":1,"href":"https:\/\/www.comunicacionyescuela.es\/2023\/wp-json\/wp\/v2\/posts\/9638\/revisions"}],"predecessor-version":[{"id":9640,"href":"https:\/\/www.comunicacionyescuela.es\/2023\/wp-json\/wp\/v2\/posts\/9638\/revisions\/9640"}],"wp:featuredmedia":[{"embeddable":true,"href":"https:\/\/www.comunicacionyescuela.es\/2023\/wp-json\/wp\/v2\/media\/9639"}],"wp:attachment":[{"href":"https:\/\/www.comunicacionyescuela.es\/2023\/wp-json\/wp\/v2\/media?parent=9638"}],"wp:term":[{"taxonomy":"category","embeddable":true,"href":"https:\/\/www.comunicacionyescuela.es\/2023\/wp-json\/wp\/v2\/categories?post=9638"},{"taxonomy":"post_tag","embeddable":true,"href":"https:\/\/www.comunicacionyescuela.es\/2023\/wp-json\/wp\/v2\/tags?post=9638"}],"curies":[{"name":"wp","href":"https:\/\/api.w.org\/{rel}","templated":true}]}}