{"id":9353,"date":"2023-06-19T20:13:05","date_gmt":"2023-06-19T18:13:05","guid":{"rendered":"https:\/\/www.comunicacionyescuela.es\/2023\/?p=9353"},"modified":"2023-06-19T20:13:05","modified_gmt":"2023-06-19T18:13:05","slug":"estudiantes-de-1o-de-educacion-secundaria-y-personas-mayores-de-oscos-eo-reivindican-el-medio-rural-en-el-parlamento-de-asturias","status":"publish","type":"post","link":"https:\/\/www.comunicacionyescuela.es\/2023\/actualidad-del-foro\/estudiantes-de-1o-de-educacion-secundaria-y-personas-mayores-de-oscos-eo-reivindican-el-medio-rural-en-el-parlamento-de-asturias\/","title":{"rendered":"Estudiantes de 1\u00ba de Educaci\u00f3n Secundaria y personas mayores de Oscos-Eo reivindican el medio rural en el Parlamento de Asturias"},"content":{"rendered":"<p>La Junta General acogi\u00f3 intergeneracional organizado por el Foro Comunicaci\u00f3n y Escuela en colaboraci\u00f3n con los programas Rompiendo Distancias de Oscos-Eo y la Junta General del Principado de Asturias. Estuvo presidido por el presidente del Parlamento asturiano, Marcelino Marcos L\u00edndez, que ha estado acompa\u00f1ado por la vicepresidenta primera, Celia Fern\u00e1ndez, en<br \/>\nla sesi\u00f3n celebrada en el Hemiciclo de la C\u00e1mara han participado 40 alumnos y alumnas del IES Elisa y Luis Villamil, de Vegadeo, y 30 personas mayores participantes en los programas Rompiendo Distancias y de asociaciones de la comarca Oscos-Eo.<br \/>\n&nbsp;<br \/>\nEl presidente de la Junta, tras agradecer la participaci\u00f3n de los escolares y de las personas mayores participantes, ha dado la palabra a Cristina Artime Mui\u00f1a, alumna de primero de la ESO, que, con la defensa de la Proposici\u00f3n No de Ley (PNL) sobre el servicio de atenci\u00f3n a domicilio rural en Asturias y housing, ha abierto el debate parlamentario. Paola Paraje Cardoso, alumna de primera de la ESO, ha defendido la PNL sobre si llenar la Asturias vaciada ser\u00eda mejorar la calidad de vida de nuestros mayores en la zona rural.<br \/>\n&nbsp;<br \/>\nEn el pleno intergeneracional, la PNL sobre la m\u00fasica y las artes esc\u00e9nicas en el medio rural ha sido defendida por Adri\u00e1n Garc\u00eda Mart\u00edn, alumno de primero de la ESO. La PNL sobre el impacto sobre la calidad de vida y la salud de los parques e\u00f3licos en la zona rural ha sido el asunto sobre el que ha versado la intervenci\u00f3n de Manuel Rodr\u00edguez Fern\u00e1ndez, del programa Rompiendo Distancias de la zona Oscos-Vegadeo. Eduardo Lastra P\u00e9rez, presidente de la Asociaci\u00f3n Intergeneracional El Mazo de Taramundi, ha defendido la PNL sobre el desarrollo de los servicios en el medio rural.<br \/>\n&nbsp;<br \/>\n\u00abQuiero vivir en mi zona rural\u00bb. As\u00ed reza el t\u00edtulo de la PNL que ha defendido en el pleno intergeneracional Marina Rodr\u00edguez Rodr\u00edguez, en representaci\u00f3n de los abuelos y abuelas de los alumnos de Primero de Educaci\u00f3n Secundaria.<br \/>\nTras las intervenciones, se han sometido a votaci\u00f3n las distintas PNL. Las dos proposiciones que han obtenido un mayor n\u00famero de votos han sido las que se refieren al desarrollo de los servicios en el medio rural, que ha obtenido 65 votos, y la PNL sobre el servicio de atenci\u00f3n a domicilio rural, que ha recibido 64 votos.<br \/>\n&nbsp;<br \/>\n(Fuente: p\u00e1gina web Junta General del Principado de Asturias)<\/p>\n","protected":false},"excerpt":{"rendered":"<p>La Junta General acogi\u00f3 intergeneracional organizado por el Foro Comunicaci\u00f3n y Escuela en colaboraci\u00f3n con los programas Rompiendo Distancias de Oscos-Eo y la Junta General del Principado de Asturias. Estuvo &#8230; <a title=\"Estudiantes de 1\u00ba de Educaci\u00f3n Secundaria y personas mayores de Oscos-Eo reivindican el medio rural en el Parlamento de Asturias\" class=\"read-more\" href=\"https:\/\/www.comunicacionyescuela.es\/2023\/actualidad-del-foro\/estudiantes-de-1o-de-educacion-secundaria-y-personas-mayores-de-oscos-eo-reivindican-el-medio-rural-en-el-parlamento-de-asturias\/\" aria-label=\"Leer m\u00e1s sobre Estudiantes de 1\u00ba de Educaci\u00f3n Secundaria y personas mayores de Oscos-Eo reivindican el medio rural en el Parlamento de Asturias\">Leer m\u00e1s<\/a><\/p>\n","protected":false},"author":2,"featured_media":9354,"comment_status":"open","ping_status":"open","sticky":false,"template":"","format":"standard","meta":{"ngg_post_thumbnail":0,"footnotes":""},"categories":[1],"tags":[],"class_list":["post-9353","post","type-post","status-publish","format-standard","has-post-thumbnail","hentry","category-actualidad-del-foro"],"_links":{"self":[{"href":"https:\/\/www.comunicacionyescuela.es\/2023\/wp-json\/wp\/v2\/posts\/9353","targetHints":{"allow":["GET"]}}],"collection":[{"href":"https:\/\/www.comunicacionyescuela.es\/2023\/wp-json\/wp\/v2\/posts"}],"about":[{"href":"https:\/\/www.comunicacionyescuela.es\/2023\/wp-json\/wp\/v2\/types\/post"}],"author":[{"embeddable":true,"href":"https:\/\/www.comunicacionyescuela.es\/2023\/wp-json\/wp\/v2\/users\/2"}],"replies":[{"embeddable":true,"href":"https:\/\/www.comunicacionyescuela.es\/2023\/wp-json\/wp\/v2\/comments?post=9353"}],"version-history":[{"count":1,"href":"https:\/\/www.comunicacionyescuela.es\/2023\/wp-json\/wp\/v2\/posts\/9353\/revisions"}],"predecessor-version":[{"id":9355,"href":"https:\/\/www.comunicacionyescuela.es\/2023\/wp-json\/wp\/v2\/posts\/9353\/revisions\/9355"}],"wp:featuredmedia":[{"embeddable":true,"href":"https:\/\/www.comunicacionyescuela.es\/2023\/wp-json\/wp\/v2\/media\/9354"}],"wp:attachment":[{"href":"https:\/\/www.comunicacionyescuela.es\/2023\/wp-json\/wp\/v2\/media?parent=9353"}],"wp:term":[{"taxonomy":"category","embeddable":true,"href":"https:\/\/www.comunicacionyescuela.es\/2023\/wp-json\/wp\/v2\/categories?post=9353"},{"taxonomy":"post_tag","embeddable":true,"href":"https:\/\/www.comunicacionyescuela.es\/2023\/wp-json\/wp\/v2\/tags?post=9353"}],"curies":[{"name":"wp","href":"https:\/\/api.w.org\/{rel}","templated":true}]}}