{"id":9344,"date":"2023-06-19T20:05:07","date_gmt":"2023-06-19T18:05:07","guid":{"rendered":"https:\/\/www.comunicacionyescuela.es\/2023\/?p=9344"},"modified":"2023-06-19T20:05:07","modified_gmt":"2023-06-19T18:05:07","slug":"los-escolares-del-colegio-jovellanos-pasan-una-jornada-en-el-aeropuerto-de-asturias","status":"publish","type":"post","link":"https:\/\/www.comunicacionyescuela.es\/2023\/actualidad-del-foro\/los-escolares-del-colegio-jovellanos-pasan-una-jornada-en-el-aeropuerto-de-asturias\/","title":{"rendered":"Los escolares del Colegio Jovellanos pasan una jornada en el Aeropuerto de Asturias"},"content":{"rendered":"<p>Unos treinta estudiantes de 6\u00ba de Educaci\u00f3n Primaria del Colegio Jovellanos de Vegadeo visitaron el Aeropuerto de Asturias, en el marco de las actividades de este 15 Foro Comunicaci\u00f3n y Escuela, al tiempo que vivieron una emotiva jornada que les permiti\u00f3 conocer todo lo relacionado con el funcionamiento de un aeropuerto.<br \/>\nDurante su estancia en el aer\u00f3dromo asturiano les explicaron con detalle todos los procesos que se siguen antes de subir al avi\u00f3n: desde la facturaci\u00f3n, a las medidas de seguridad previas al embarque, as\u00ed como de los servicios de los que disponen los pasajeros en un establecimiento de este tipo.<br \/>\nIgualmente, recibieron exhaustiva informaci\u00f3n del funcionamiento de algunas de las medidas de seguridad de las que dispone el Aeropuerto de Asturias, entre ellas el parque de bomberos,<br \/>\ncuyos integrantes realizaron una exhibici\u00f3n de su labor ante el alumnado asistente.<\/p>\n","protected":false},"excerpt":{"rendered":"<p>Unos treinta estudiantes de 6\u00ba de Educaci\u00f3n Primaria del Colegio Jovellanos de Vegadeo visitaron el Aeropuerto de Asturias, en el marco de las actividades de este 15 Foro Comunicaci\u00f3n y &#8230; <a title=\"Los escolares del Colegio Jovellanos pasan una jornada en el Aeropuerto de Asturias\" class=\"read-more\" href=\"https:\/\/www.comunicacionyescuela.es\/2023\/actualidad-del-foro\/los-escolares-del-colegio-jovellanos-pasan-una-jornada-en-el-aeropuerto-de-asturias\/\" aria-label=\"Leer m\u00e1s sobre Los escolares del Colegio Jovellanos pasan una jornada en el Aeropuerto de Asturias\">Leer m\u00e1s<\/a><\/p>\n","protected":false},"author":2,"featured_media":9345,"comment_status":"open","ping_status":"open","sticky":false,"template":"","format":"standard","meta":{"ngg_post_thumbnail":0,"footnotes":""},"categories":[1],"tags":[],"class_list":["post-9344","post","type-post","status-publish","format-standard","has-post-thumbnail","hentry","category-actualidad-del-foro"],"_links":{"self":[{"href":"https:\/\/www.comunicacionyescuela.es\/2023\/wp-json\/wp\/v2\/posts\/9344","targetHints":{"allow":["GET"]}}],"collection":[{"href":"https:\/\/www.comunicacionyescuela.es\/2023\/wp-json\/wp\/v2\/posts"}],"about":[{"href":"https:\/\/www.comunicacionyescuela.es\/2023\/wp-json\/wp\/v2\/types\/post"}],"author":[{"embeddable":true,"href":"https:\/\/www.comunicacionyescuela.es\/2023\/wp-json\/wp\/v2\/users\/2"}],"replies":[{"embeddable":true,"href":"https:\/\/www.comunicacionyescuela.es\/2023\/wp-json\/wp\/v2\/comments?post=9344"}],"version-history":[{"count":1,"href":"https:\/\/www.comunicacionyescuela.es\/2023\/wp-json\/wp\/v2\/posts\/9344\/revisions"}],"predecessor-version":[{"id":9346,"href":"https:\/\/www.comunicacionyescuela.es\/2023\/wp-json\/wp\/v2\/posts\/9344\/revisions\/9346"}],"wp:featuredmedia":[{"embeddable":true,"href":"https:\/\/www.comunicacionyescuela.es\/2023\/wp-json\/wp\/v2\/media\/9345"}],"wp:attachment":[{"href":"https:\/\/www.comunicacionyescuela.es\/2023\/wp-json\/wp\/v2\/media?parent=9344"}],"wp:term":[{"taxonomy":"category","embeddable":true,"href":"https:\/\/www.comunicacionyescuela.es\/2023\/wp-json\/wp\/v2\/categories?post=9344"},{"taxonomy":"post_tag","embeddable":true,"href":"https:\/\/www.comunicacionyescuela.es\/2023\/wp-json\/wp\/v2\/tags?post=9344"}],"curies":[{"name":"wp","href":"https:\/\/api.w.org\/{rel}","templated":true}]}}