{"id":9316,"date":"2023-06-14T13:18:03","date_gmt":"2023-06-14T11:18:03","guid":{"rendered":"https:\/\/www.comunicacionyescuela.es\/2023\/?p=9316"},"modified":"2023-06-14T13:18:03","modified_gmt":"2023-06-14T11:18:03","slug":"exito-de-la-visita-al-aeropuerto-de-asturias-de-los-escolares-de-castropol-figueras-y-oscos","status":"publish","type":"post","link":"https:\/\/www.comunicacionyescuela.es\/2023\/actualidad-del-foro\/exito-de-la-visita-al-aeropuerto-de-asturias-de-los-escolares-de-castropol-figueras-y-oscos\/","title":{"rendered":"\u00c9xito de la visita al Aeropuerto de Asturias de los escolares de Castropol, Figueras y Oscos"},"content":{"rendered":"<p>Los m\u00e1s de treinta estudiantes del Colegio La Paloma de Castropol, del Colegio Rural Agrupado Tapia-Castropol de Figueras y del Colegio Rural Agrupado Oscos, que visitaron el Aeropuerto<br \/>\nde Asturias, en el marco de las actividades de este 15 Foro Comunicaci\u00f3n y Escuela, vivieron una emotiva jornada que les permiti\u00f3 conocer todo lo relacionado con el funcionamiento de<br \/>\nun aeropuerto.<br \/>\nFueron recibidos por el jefe de los Servicios Aeroportuarios, Jos\u00e9 Antonio Leiva, y durante su estancia en el aer\u00f3dromo asturiano les explicaron con detalle todos los procesos que se siguen antes de subir al avi\u00f3n: desde la facturaci\u00f3n, a las medidas de seguridad previas al embarque, as\u00ed como de los servicios de los que disponen los pasajeros en un establecimiento de este tipo. Igualmente, recibieron exhaustiva informaci\u00f3n del funcionamiento de algunas de las medidas de seguridad de las que dispone el Aeropuerto de Asturias, entre ellas el parque de bomberos, cuyos integrantes realizaron una exhibici\u00f3n de su labor ante el alumnado asistente.<\/p>\n","protected":false},"excerpt":{"rendered":"<p>Los m\u00e1s de treinta estudiantes del Colegio La Paloma de Castropol, del Colegio Rural Agrupado Tapia-Castropol de Figueras y del Colegio Rural Agrupado Oscos, que visitaron el Aeropuerto de Asturias, &#8230; <a title=\"\u00c9xito de la visita al Aeropuerto de Asturias de los escolares de Castropol, Figueras y Oscos\" class=\"read-more\" href=\"https:\/\/www.comunicacionyescuela.es\/2023\/actualidad-del-foro\/exito-de-la-visita-al-aeropuerto-de-asturias-de-los-escolares-de-castropol-figueras-y-oscos\/\" aria-label=\"Leer m\u00e1s sobre \u00c9xito de la visita al Aeropuerto de Asturias de los escolares de Castropol, Figueras y Oscos\">Leer m\u00e1s<\/a><\/p>\n","protected":false},"author":2,"featured_media":9317,"comment_status":"open","ping_status":"open","sticky":false,"template":"","format":"standard","meta":{"ngg_post_thumbnail":0,"footnotes":""},"categories":[1],"tags":[],"class_list":["post-9316","post","type-post","status-publish","format-standard","has-post-thumbnail","hentry","category-actualidad-del-foro"],"_links":{"self":[{"href":"https:\/\/www.comunicacionyescuela.es\/2023\/wp-json\/wp\/v2\/posts\/9316","targetHints":{"allow":["GET"]}}],"collection":[{"href":"https:\/\/www.comunicacionyescuela.es\/2023\/wp-json\/wp\/v2\/posts"}],"about":[{"href":"https:\/\/www.comunicacionyescuela.es\/2023\/wp-json\/wp\/v2\/types\/post"}],"author":[{"embeddable":true,"href":"https:\/\/www.comunicacionyescuela.es\/2023\/wp-json\/wp\/v2\/users\/2"}],"replies":[{"embeddable":true,"href":"https:\/\/www.comunicacionyescuela.es\/2023\/wp-json\/wp\/v2\/comments?post=9316"}],"version-history":[{"count":1,"href":"https:\/\/www.comunicacionyescuela.es\/2023\/wp-json\/wp\/v2\/posts\/9316\/revisions"}],"predecessor-version":[{"id":9318,"href":"https:\/\/www.comunicacionyescuela.es\/2023\/wp-json\/wp\/v2\/posts\/9316\/revisions\/9318"}],"wp:featuredmedia":[{"embeddable":true,"href":"https:\/\/www.comunicacionyescuela.es\/2023\/wp-json\/wp\/v2\/media\/9317"}],"wp:attachment":[{"href":"https:\/\/www.comunicacionyescuela.es\/2023\/wp-json\/wp\/v2\/media?parent=9316"}],"wp:term":[{"taxonomy":"category","embeddable":true,"href":"https:\/\/www.comunicacionyescuela.es\/2023\/wp-json\/wp\/v2\/categories?post=9316"},{"taxonomy":"post_tag","embeddable":true,"href":"https:\/\/www.comunicacionyescuela.es\/2023\/wp-json\/wp\/v2\/tags?post=9316"}],"curies":[{"name":"wp","href":"https:\/\/api.w.org\/{rel}","templated":true}]}}