{"id":9015,"date":"2023-06-03T12:14:23","date_gmt":"2023-06-03T10:14:23","guid":{"rendered":"https:\/\/www.comunicacionyescuela.es\/2023\/?p=9015"},"modified":"2023-06-03T12:14:23","modified_gmt":"2023-06-03T10:14:23","slug":"coloquio-sobre-los-parques-eolicos-en-taramundi","status":"publish","type":"post","link":"https:\/\/www.comunicacionyescuela.es\/2023\/actualidad-del-foro\/coloquio-sobre-los-parques-eolicos-en-taramundi\/","title":{"rendered":"Coloquio sobre los parques e\u00f3licos en Taramundi"},"content":{"rendered":"<p>Carlos Garc\u00eda S\u00e1nchez, director general de la Fundaci\u00f3n Asturiana de la Energ\u00eda; C\u00e9sar Villabrille Quintana, alcalde de Taramundi; Pilar Molej\u00f3n Quintana, portavoz de la Plataforma Xente de Oscos e ingeniera de canales, caminos y puertos, y Tom\u00e1s Emilio D\u00edaz Gonz\u00e1lez, miembro de n\u00famero del Real Instituto de Estudios Asturianos, intervendr\u00e1n en el coloquio titulado \u201cLos parques e\u00f3licos en la Comarca Oscos-Eo: \u00bfuna realidad imparable? Que trata reflexionar sobre la actual problem\u00e1tica en la Comarca acerca de esta forma de producir energ\u00eda. Moderar\u00e1 este coloquio la directora del Club Prensa Asturiana de La Nueva Espa\u00f1a, Mar\u00eda Jos\u00e9 Iglesias.<\/p>\n","protected":false},"excerpt":{"rendered":"<p>Carlos Garc\u00eda S\u00e1nchez, director general de la Fundaci\u00f3n Asturiana de la Energ\u00eda; C\u00e9sar Villabrille Quintana, alcalde de Taramundi; Pilar Molej\u00f3n Quintana, portavoz de la Plataforma Xente de Oscos e ingeniera &#8230; <a title=\"Coloquio sobre los parques e\u00f3licos en Taramundi\" class=\"read-more\" href=\"https:\/\/www.comunicacionyescuela.es\/2023\/actualidad-del-foro\/coloquio-sobre-los-parques-eolicos-en-taramundi\/\" aria-label=\"Leer m\u00e1s sobre Coloquio sobre los parques e\u00f3licos en Taramundi\">Leer m\u00e1s<\/a><\/p>\n","protected":false},"author":2,"featured_media":9016,"comment_status":"open","ping_status":"open","sticky":false,"template":"","format":"standard","meta":{"ngg_post_thumbnail":0,"footnotes":""},"categories":[1],"tags":[],"class_list":["post-9015","post","type-post","status-publish","format-standard","has-post-thumbnail","hentry","category-actualidad-del-foro"],"_links":{"self":[{"href":"https:\/\/www.comunicacionyescuela.es\/2023\/wp-json\/wp\/v2\/posts\/9015","targetHints":{"allow":["GET"]}}],"collection":[{"href":"https:\/\/www.comunicacionyescuela.es\/2023\/wp-json\/wp\/v2\/posts"}],"about":[{"href":"https:\/\/www.comunicacionyescuela.es\/2023\/wp-json\/wp\/v2\/types\/post"}],"author":[{"embeddable":true,"href":"https:\/\/www.comunicacionyescuela.es\/2023\/wp-json\/wp\/v2\/users\/2"}],"replies":[{"embeddable":true,"href":"https:\/\/www.comunicacionyescuela.es\/2023\/wp-json\/wp\/v2\/comments?post=9015"}],"version-history":[{"count":1,"href":"https:\/\/www.comunicacionyescuela.es\/2023\/wp-json\/wp\/v2\/posts\/9015\/revisions"}],"predecessor-version":[{"id":9017,"href":"https:\/\/www.comunicacionyescuela.es\/2023\/wp-json\/wp\/v2\/posts\/9015\/revisions\/9017"}],"wp:featuredmedia":[{"embeddable":true,"href":"https:\/\/www.comunicacionyescuela.es\/2023\/wp-json\/wp\/v2\/media\/9016"}],"wp:attachment":[{"href":"https:\/\/www.comunicacionyescuela.es\/2023\/wp-json\/wp\/v2\/media?parent=9015"}],"wp:term":[{"taxonomy":"category","embeddable":true,"href":"https:\/\/www.comunicacionyescuela.es\/2023\/wp-json\/wp\/v2\/categories?post=9015"},{"taxonomy":"post_tag","embeddable":true,"href":"https:\/\/www.comunicacionyescuela.es\/2023\/wp-json\/wp\/v2\/tags?post=9015"}],"curies":[{"name":"wp","href":"https:\/\/api.w.org\/{rel}","templated":true}]}}