{"id":8817,"date":"2023-05-30T13:24:10","date_gmt":"2023-05-30T11:24:10","guid":{"rendered":"https:\/\/www.comunicacionyescuela.es\/2023\/?p=8817"},"modified":"2023-05-30T13:24:10","modified_gmt":"2023-05-30T11:24:10","slug":"el-senor-del-senescal-en-santa-eulalia-de-oscos","status":"publish","type":"post","link":"https:\/\/www.comunicacionyescuela.es\/2023\/actualidad-del-foro\/el-senor-del-senescal-en-santa-eulalia-de-oscos\/","title":{"rendered":"El Se\u00f1or del Senescal en Santa Eulalia de Oscos"},"content":{"rendered":"<p>Una ruta literaria intensa por Santa Eulalia de Oscos por los escenarios donde discurre la novela El Se\u00f1or del Senescal, y acompa\u00f1ados por el autor, Jos\u00e9 Francisco Rodil Lombard\u00eda. Recorrido por la Plaza del Ayuntamiento, iglesia de la localidad, pueblo de Pumares y mazo de Mazonovo ; ya que estos fueron algunos de los lugares escogidos por el escritor que visitaron los alumnos\/as de 1\u00ba de Bachillerato, que previamente hab\u00edan le\u00eddo la novela. Asimismo, estuvo presente el alcalde de Santa Eulalia de Oscos, V\u00edctor Quintela.<br \/>\nPrevio a la recorrido literario, los estudiantes degustaron una comida literaria con un men\u00fa t\u00edpico de la \u00e9poca en la que se desarrolla la acci\u00f3n de la novela<\/p>\n","protected":false},"excerpt":{"rendered":"<p>Una ruta literaria intensa por Santa Eulalia de Oscos por los escenarios donde discurre la novela El Se\u00f1or del Senescal, y acompa\u00f1ados por el autor, Jos\u00e9 Francisco Rodil Lombard\u00eda. Recorrido &#8230; <a title=\"El Se\u00f1or del Senescal en Santa Eulalia de Oscos\" class=\"read-more\" href=\"https:\/\/www.comunicacionyescuela.es\/2023\/actualidad-del-foro\/el-senor-del-senescal-en-santa-eulalia-de-oscos\/\" aria-label=\"Leer m\u00e1s sobre El Se\u00f1or del Senescal en Santa Eulalia de Oscos\">Leer m\u00e1s<\/a><\/p>\n","protected":false},"author":2,"featured_media":8818,"comment_status":"open","ping_status":"open","sticky":false,"template":"","format":"standard","meta":{"ngg_post_thumbnail":0,"footnotes":""},"categories":[1],"tags":[],"class_list":["post-8817","post","type-post","status-publish","format-standard","has-post-thumbnail","hentry","category-actualidad-del-foro"],"_links":{"self":[{"href":"https:\/\/www.comunicacionyescuela.es\/2023\/wp-json\/wp\/v2\/posts\/8817","targetHints":{"allow":["GET"]}}],"collection":[{"href":"https:\/\/www.comunicacionyescuela.es\/2023\/wp-json\/wp\/v2\/posts"}],"about":[{"href":"https:\/\/www.comunicacionyescuela.es\/2023\/wp-json\/wp\/v2\/types\/post"}],"author":[{"embeddable":true,"href":"https:\/\/www.comunicacionyescuela.es\/2023\/wp-json\/wp\/v2\/users\/2"}],"replies":[{"embeddable":true,"href":"https:\/\/www.comunicacionyescuela.es\/2023\/wp-json\/wp\/v2\/comments?post=8817"}],"version-history":[{"count":1,"href":"https:\/\/www.comunicacionyescuela.es\/2023\/wp-json\/wp\/v2\/posts\/8817\/revisions"}],"predecessor-version":[{"id":8819,"href":"https:\/\/www.comunicacionyescuela.es\/2023\/wp-json\/wp\/v2\/posts\/8817\/revisions\/8819"}],"wp:featuredmedia":[{"embeddable":true,"href":"https:\/\/www.comunicacionyescuela.es\/2023\/wp-json\/wp\/v2\/media\/8818"}],"wp:attachment":[{"href":"https:\/\/www.comunicacionyescuela.es\/2023\/wp-json\/wp\/v2\/media?parent=8817"}],"wp:term":[{"taxonomy":"category","embeddable":true,"href":"https:\/\/www.comunicacionyescuela.es\/2023\/wp-json\/wp\/v2\/categories?post=8817"},{"taxonomy":"post_tag","embeddable":true,"href":"https:\/\/www.comunicacionyescuela.es\/2023\/wp-json\/wp\/v2\/tags?post=8817"}],"curies":[{"name":"wp","href":"https:\/\/api.w.org\/{rel}","templated":true}]}}