{"id":8334,"date":"2023-05-27T11:29:56","date_gmt":"2023-05-27T09:29:56","guid":{"rendered":"https:\/\/www.comunicacionyescuela.es\/2023\/?p=8334"},"modified":"2023-05-27T11:29:56","modified_gmt":"2023-05-27T09:29:56","slug":"encuentros-literarios-en-el-colegio-la-paloma-y-el-colegio-jovellanos","status":"publish","type":"post","link":"https:\/\/www.comunicacionyescuela.es\/2023\/actualidad-del-foro\/encuentros-literarios-en-el-colegio-la-paloma-y-el-colegio-jovellanos\/","title":{"rendered":"Encuentros literarios en el Colegio La Paloma y el Colegio Jovellanos"},"content":{"rendered":"<p>La jornada literaria desarrollada el pasado d\u00eda 19 de mayo no solo inclu\u00eda encuentros con autor en el Instituto de Educaci\u00f3n Secundaria Elisa y Luis Villamil, ya que tambi\u00e9n se desarrollaron actos literarios en el Colegio La Paloma de Castropol y en el Colegio Jovellanos de Vegadeo. En Castropol estuvieron presentes los autores Miguel L\u00f3pez \u201cEl Hematocr\u00edtico\u201d y Miguel Arboleda; el primero con los ni\u00f1os\/as de Educaci\u00f3n Infantil y el segundo con los estudiantes de 5\u00ba y 6\u00ba de Educaci\u00f3n Primaria. Posteriormente, Miguel L\u00f3pez se traslad\u00f3 al Colegio Jovellanos para un encuentro con el alumnado de Educaci\u00f3n Infantil y de 1\u00ba a 4\u00ba de Educaci\u00f3n Primaria.<\/p>\n","protected":false},"excerpt":{"rendered":"<p>La jornada literaria desarrollada el pasado d\u00eda 19 de mayo no solo inclu\u00eda encuentros con autor en el Instituto de Educaci\u00f3n Secundaria Elisa y Luis Villamil, ya que tambi\u00e9n se &#8230; <a title=\"Encuentros literarios en el Colegio La Paloma y el Colegio Jovellanos\" class=\"read-more\" href=\"https:\/\/www.comunicacionyescuela.es\/2023\/actualidad-del-foro\/encuentros-literarios-en-el-colegio-la-paloma-y-el-colegio-jovellanos\/\" aria-label=\"Leer m\u00e1s sobre Encuentros literarios en el Colegio La Paloma y el Colegio Jovellanos\">Leer m\u00e1s<\/a><\/p>\n","protected":false},"author":2,"featured_media":8335,"comment_status":"open","ping_status":"open","sticky":false,"template":"","format":"standard","meta":{"ngg_post_thumbnail":0,"footnotes":""},"categories":[1],"tags":[],"class_list":["post-8334","post","type-post","status-publish","format-standard","has-post-thumbnail","hentry","category-actualidad-del-foro"],"_links":{"self":[{"href":"https:\/\/www.comunicacionyescuela.es\/2023\/wp-json\/wp\/v2\/posts\/8334","targetHints":{"allow":["GET"]}}],"collection":[{"href":"https:\/\/www.comunicacionyescuela.es\/2023\/wp-json\/wp\/v2\/posts"}],"about":[{"href":"https:\/\/www.comunicacionyescuela.es\/2023\/wp-json\/wp\/v2\/types\/post"}],"author":[{"embeddable":true,"href":"https:\/\/www.comunicacionyescuela.es\/2023\/wp-json\/wp\/v2\/users\/2"}],"replies":[{"embeddable":true,"href":"https:\/\/www.comunicacionyescuela.es\/2023\/wp-json\/wp\/v2\/comments?post=8334"}],"version-history":[{"count":1,"href":"https:\/\/www.comunicacionyescuela.es\/2023\/wp-json\/wp\/v2\/posts\/8334\/revisions"}],"predecessor-version":[{"id":8336,"href":"https:\/\/www.comunicacionyescuela.es\/2023\/wp-json\/wp\/v2\/posts\/8334\/revisions\/8336"}],"wp:featuredmedia":[{"embeddable":true,"href":"https:\/\/www.comunicacionyescuela.es\/2023\/wp-json\/wp\/v2\/media\/8335"}],"wp:attachment":[{"href":"https:\/\/www.comunicacionyescuela.es\/2023\/wp-json\/wp\/v2\/media?parent=8334"}],"wp:term":[{"taxonomy":"category","embeddable":true,"href":"https:\/\/www.comunicacionyescuela.es\/2023\/wp-json\/wp\/v2\/categories?post=8334"},{"taxonomy":"post_tag","embeddable":true,"href":"https:\/\/www.comunicacionyescuela.es\/2023\/wp-json\/wp\/v2\/tags?post=8334"}],"curies":[{"name":"wp","href":"https:\/\/api.w.org\/{rel}","templated":true}]}}