{"id":8270,"date":"2023-05-18T18:38:12","date_gmt":"2023-05-18T16:38:12","guid":{"rendered":"https:\/\/www.comunicacionyescuela.es\/2023\/?p=8270"},"modified":"2023-05-18T18:38:12","modified_gmt":"2023-05-18T16:38:12","slug":"el-aeropuerto-de-todos-los-asturianos","status":"publish","type":"post","link":"https:\/\/www.comunicacionyescuela.es\/2023\/actualidad-del-foro\/el-aeropuerto-de-todos-los-asturianos\/","title":{"rendered":"El aeropuerto de todos los asturianos"},"content":{"rendered":"<p>El director del Aeropuerto de Asturias, Pedro Cotilla, y el jefe de Servicios Aeroportuarios, Jos\u00e9 Antonio Leiva, participaron en un intenso acto en este 15 Foro Comunicaci\u00f3n y Escuela en el<br \/>\nque hablaron sobre el funcionamiento del Aeropuerto de Asturias. Estaban presentes 120 escolares de 5\u00ba y 6\u00ba de Educaci\u00f3n Primaria del CRA Tapia-Castropol, del Colegio La Paloma de<br \/>\nCastropol, del CRA Oscos y del Colegio Jovellanos de Vegadeo.<br \/>\nDesde a qu\u00e9 velocidad despega un avi\u00f3n, a cu\u00e1ntos vuelos hay al d\u00eda, cu\u00e1les son los destinos a los que se puede volar desde Asturias, qu\u00e9 ocurre si se pierde una maleta, cu\u00e1ntas horas est\u00e1<br \/>\nabierto el aeropuerto; pasando por qu\u00e9 hay que estudiar para ser piloto o controlador a\u00e9reo, y un largo etc\u00e9tera, fueron algunas de las respuestas que dieron a las numerosas preguntas de<br \/>\nlos estudiantes, que siguieron muy atentamente toda la conferencia. Incluso, Amanda, estudiante de 5\u00ba de Educaci\u00f3n Primaria del Colegio de Castropol, quiso saber cu\u00e1ntos botones tiene la cabina de un avi\u00f3n.<br \/>\nEsta conferencia se complementar\u00e1 con dos viajes al Aeropuerto de Asturias en el mes de junio para los escolares de 6\u00ba de Primaria de estos centros educativos y, ya, en octubre, 25 de ellos, reci\u00e9n incorporados al Instituto Elisa y Luis Villamil en 1\u00ba de Educaci\u00f3n Secundaria, volar\u00e1n por primera vez a Sevilla con Volotea dentro del proyecto \u201cConoce un monumento de Espa\u00f1a, volando\u201d.<\/p>\n","protected":false},"excerpt":{"rendered":"<p>El director del Aeropuerto de Asturias, Pedro Cotilla, y el jefe de Servicios Aeroportuarios, Jos\u00e9 Antonio Leiva, participaron en un intenso acto en este 15 Foro Comunicaci\u00f3n y Escuela en &#8230; <a title=\"El aeropuerto de todos los asturianos\" class=\"read-more\" href=\"https:\/\/www.comunicacionyescuela.es\/2023\/actualidad-del-foro\/el-aeropuerto-de-todos-los-asturianos\/\" aria-label=\"Leer m\u00e1s sobre El aeropuerto de todos los asturianos\">Leer m\u00e1s<\/a><\/p>\n","protected":false},"author":2,"featured_media":8271,"comment_status":"open","ping_status":"open","sticky":false,"template":"","format":"standard","meta":{"ngg_post_thumbnail":0,"footnotes":""},"categories":[1],"tags":[],"class_list":["post-8270","post","type-post","status-publish","format-standard","has-post-thumbnail","hentry","category-actualidad-del-foro"],"_links":{"self":[{"href":"https:\/\/www.comunicacionyescuela.es\/2023\/wp-json\/wp\/v2\/posts\/8270","targetHints":{"allow":["GET"]}}],"collection":[{"href":"https:\/\/www.comunicacionyescuela.es\/2023\/wp-json\/wp\/v2\/posts"}],"about":[{"href":"https:\/\/www.comunicacionyescuela.es\/2023\/wp-json\/wp\/v2\/types\/post"}],"author":[{"embeddable":true,"href":"https:\/\/www.comunicacionyescuela.es\/2023\/wp-json\/wp\/v2\/users\/2"}],"replies":[{"embeddable":true,"href":"https:\/\/www.comunicacionyescuela.es\/2023\/wp-json\/wp\/v2\/comments?post=8270"}],"version-history":[{"count":1,"href":"https:\/\/www.comunicacionyescuela.es\/2023\/wp-json\/wp\/v2\/posts\/8270\/revisions"}],"predecessor-version":[{"id":8272,"href":"https:\/\/www.comunicacionyescuela.es\/2023\/wp-json\/wp\/v2\/posts\/8270\/revisions\/8272"}],"wp:featuredmedia":[{"embeddable":true,"href":"https:\/\/www.comunicacionyescuela.es\/2023\/wp-json\/wp\/v2\/media\/8271"}],"wp:attachment":[{"href":"https:\/\/www.comunicacionyescuela.es\/2023\/wp-json\/wp\/v2\/media?parent=8270"}],"wp:term":[{"taxonomy":"category","embeddable":true,"href":"https:\/\/www.comunicacionyescuela.es\/2023\/wp-json\/wp\/v2\/categories?post=8270"},{"taxonomy":"post_tag","embeddable":true,"href":"https:\/\/www.comunicacionyescuela.es\/2023\/wp-json\/wp\/v2\/tags?post=8270"}],"curies":[{"name":"wp","href":"https:\/\/api.w.org\/{rel}","templated":true}]}}