{"id":8250,"date":"2023-05-14T17:15:40","date_gmt":"2023-05-14T15:15:40","guid":{"rendered":"https:\/\/www.comunicacionyescuela.es\/2023\/?p=8250"},"modified":"2023-05-14T17:15:40","modified_gmt":"2023-05-14T15:15:40","slug":"finaliza-al-viaje-a-canfranc-con-una-recepcion-en-el-ayuntamiento","status":"publish","type":"post","link":"https:\/\/www.comunicacionyescuela.es\/2023\/actualidad-del-foro\/finaliza-al-viaje-a-canfranc-con-una-recepcion-en-el-ayuntamiento\/","title":{"rendered":"Finaliza al viaje a Canfranc con una recepci\u00f3n en el Ayuntamiento"},"content":{"rendered":"<p>Los alumnos\/as y profesores de los Institutos Carmen y Severo Ochoa de Luarca, Galileo Galilei de Navia, Carlos Bouso\u00f1o de Boal, Marqu\u00e9s de Casariego de Tapia de Casariego y Elisa y Luis Villamil de Vegadeo, que se desplazaron a Canfranc, fueron recibidos por el alcalde de esta localidad, Fernando S\u00e1nchez Morales, como \u00faltimo acto de su estancia en esta villa aragonesa. En esta recepci\u00f3n, que tuvo lugar en el sal\u00f3n de plenos del Consistorio, tambi\u00e9n particip\u00f3 el director del Laboratorio Subterr\u00e1neo, Carlos Pe\u00f1a Garay.<br \/>\nCabe recordar que Fernando S\u00e1nchez se desplaz\u00f3 a Oviedo, el pasado mes de marzo, para participar en el acto de presentaci\u00f3n de este 15 Foro Comunicaci\u00f3n y Escuela, que tuvo lugar en la Junta General del Principado (Parlamento de Asturias).<br \/>\nTras la recepci\u00f3n la delegaci\u00f3n asturiana inici\u00f3 el viaje de regreso al Principado.<\/p>\n","protected":false},"excerpt":{"rendered":"<p>Los alumnos\/as y profesores de los Institutos Carmen y Severo Ochoa de Luarca, Galileo Galilei de Navia, Carlos Bouso\u00f1o de Boal, Marqu\u00e9s de Casariego de Tapia de Casariego y Elisa &#8230; <a title=\"Finaliza al viaje a Canfranc con una recepci\u00f3n en el Ayuntamiento\" class=\"read-more\" href=\"https:\/\/www.comunicacionyescuela.es\/2023\/actualidad-del-foro\/finaliza-al-viaje-a-canfranc-con-una-recepcion-en-el-ayuntamiento\/\" aria-label=\"Leer m\u00e1s sobre Finaliza al viaje a Canfranc con una recepci\u00f3n en el Ayuntamiento\">Leer m\u00e1s<\/a><\/p>\n","protected":false},"author":2,"featured_media":8251,"comment_status":"open","ping_status":"open","sticky":false,"template":"","format":"standard","meta":{"ngg_post_thumbnail":0,"footnotes":""},"categories":[1],"tags":[],"class_list":["post-8250","post","type-post","status-publish","format-standard","has-post-thumbnail","hentry","category-actualidad-del-foro"],"_links":{"self":[{"href":"https:\/\/www.comunicacionyescuela.es\/2023\/wp-json\/wp\/v2\/posts\/8250","targetHints":{"allow":["GET"]}}],"collection":[{"href":"https:\/\/www.comunicacionyescuela.es\/2023\/wp-json\/wp\/v2\/posts"}],"about":[{"href":"https:\/\/www.comunicacionyescuela.es\/2023\/wp-json\/wp\/v2\/types\/post"}],"author":[{"embeddable":true,"href":"https:\/\/www.comunicacionyescuela.es\/2023\/wp-json\/wp\/v2\/users\/2"}],"replies":[{"embeddable":true,"href":"https:\/\/www.comunicacionyescuela.es\/2023\/wp-json\/wp\/v2\/comments?post=8250"}],"version-history":[{"count":1,"href":"https:\/\/www.comunicacionyescuela.es\/2023\/wp-json\/wp\/v2\/posts\/8250\/revisions"}],"predecessor-version":[{"id":8252,"href":"https:\/\/www.comunicacionyescuela.es\/2023\/wp-json\/wp\/v2\/posts\/8250\/revisions\/8252"}],"wp:featuredmedia":[{"embeddable":true,"href":"https:\/\/www.comunicacionyescuela.es\/2023\/wp-json\/wp\/v2\/media\/8251"}],"wp:attachment":[{"href":"https:\/\/www.comunicacionyescuela.es\/2023\/wp-json\/wp\/v2\/media?parent=8250"}],"wp:term":[{"taxonomy":"category","embeddable":true,"href":"https:\/\/www.comunicacionyescuela.es\/2023\/wp-json\/wp\/v2\/categories?post=8250"},{"taxonomy":"post_tag","embeddable":true,"href":"https:\/\/www.comunicacionyescuela.es\/2023\/wp-json\/wp\/v2\/tags?post=8250"}],"curies":[{"name":"wp","href":"https:\/\/api.w.org\/{rel}","templated":true}]}}