{"id":8169,"date":"2023-05-14T16:43:51","date_gmt":"2023-05-14T14:43:51","guid":{"rendered":"https:\/\/www.comunicacionyescuela.es\/2023\/?p=8169"},"modified":"2023-05-14T16:46:23","modified_gmt":"2023-05-14T14:46:23","slug":"una-clase-con-paca-y-molina-y-visita-a-la-central-hidraulica-de-proaza","status":"publish","type":"post","link":"https:\/\/www.comunicacionyescuela.es\/2023\/actualidad-del-foro\/una-clase-con-paca-y-molina-y-visita-a-la-central-hidraulica-de-proaza\/","title":{"rendered":"Una clase con Paca y Molina y visita a la Central Hidr\u00e1ulica de Proaza"},"content":{"rendered":"<p>Los alumnos\/as de 2\u00ba de Educaci\u00f3n Secundaria del IES Elisa y Luis Villamil disfrutaron de un itinerario did\u00e1ctico en la localidad de Proaza. En esta localidad pudieron visitar la Casa del Oso de la mano de Jos\u00e9 Tu\u00f1\u00f3n, director de la Fundaci\u00f3n Oso de Asturias, descubrir el funcionamiento de la Central Hidroel\u00e9ctrica de Proaza y, como colof\u00f3n, conocer a las grandes protagonistas del d\u00eda, las osas Paca y Molina.<\/p>\n","protected":false},"excerpt":{"rendered":"<p>Los alumnos\/as de 2\u00ba de Educaci\u00f3n Secundaria del IES Elisa y Luis Villamil disfrutaron de un itinerario did\u00e1ctico en la localidad de Proaza. En esta localidad pudieron visitar la Casa &#8230; <a title=\"Una clase con Paca y Molina y visita a la Central Hidr\u00e1ulica de Proaza\" class=\"read-more\" href=\"https:\/\/www.comunicacionyescuela.es\/2023\/actualidad-del-foro\/una-clase-con-paca-y-molina-y-visita-a-la-central-hidraulica-de-proaza\/\" aria-label=\"Leer m\u00e1s sobre Una clase con Paca y Molina y visita a la Central Hidr\u00e1ulica de Proaza\">Leer m\u00e1s<\/a><\/p>\n","protected":false},"author":2,"featured_media":8173,"comment_status":"open","ping_status":"open","sticky":false,"template":"","format":"standard","meta":{"ngg_post_thumbnail":0,"footnotes":""},"categories":[1],"tags":[],"class_list":["post-8169","post","type-post","status-publish","format-standard","has-post-thumbnail","hentry","category-actualidad-del-foro"],"_links":{"self":[{"href":"https:\/\/www.comunicacionyescuela.es\/2023\/wp-json\/wp\/v2\/posts\/8169","targetHints":{"allow":["GET"]}}],"collection":[{"href":"https:\/\/www.comunicacionyescuela.es\/2023\/wp-json\/wp\/v2\/posts"}],"about":[{"href":"https:\/\/www.comunicacionyescuela.es\/2023\/wp-json\/wp\/v2\/types\/post"}],"author":[{"embeddable":true,"href":"https:\/\/www.comunicacionyescuela.es\/2023\/wp-json\/wp\/v2\/users\/2"}],"replies":[{"embeddable":true,"href":"https:\/\/www.comunicacionyescuela.es\/2023\/wp-json\/wp\/v2\/comments?post=8169"}],"version-history":[{"count":2,"href":"https:\/\/www.comunicacionyescuela.es\/2023\/wp-json\/wp\/v2\/posts\/8169\/revisions"}],"predecessor-version":[{"id":8172,"href":"https:\/\/www.comunicacionyescuela.es\/2023\/wp-json\/wp\/v2\/posts\/8169\/revisions\/8172"}],"wp:featuredmedia":[{"embeddable":true,"href":"https:\/\/www.comunicacionyescuela.es\/2023\/wp-json\/wp\/v2\/media\/8173"}],"wp:attachment":[{"href":"https:\/\/www.comunicacionyescuela.es\/2023\/wp-json\/wp\/v2\/media?parent=8169"}],"wp:term":[{"taxonomy":"category","embeddable":true,"href":"https:\/\/www.comunicacionyescuela.es\/2023\/wp-json\/wp\/v2\/categories?post=8169"},{"taxonomy":"post_tag","embeddable":true,"href":"https:\/\/www.comunicacionyescuela.es\/2023\/wp-json\/wp\/v2\/tags?post=8169"}],"curies":[{"name":"wp","href":"https:\/\/api.w.org\/{rel}","templated":true}]}}