{"id":7430,"date":"2023-04-18T18:33:23","date_gmt":"2023-04-18T16:33:23","guid":{"rendered":"https:\/\/www.comunicacionyescuela.es\/2023\/?p=7430"},"modified":"2023-04-18T18:33:23","modified_gmt":"2023-04-18T16:33:23","slug":"alfonso-garcia-a-los-pueblos-les-queda-un-suspiro","status":"publish","type":"post","link":"https:\/\/www.comunicacionyescuela.es\/2023\/actualidad-del-foro\/alfonso-garcia-a-los-pueblos-les-queda-un-suspiro\/","title":{"rendered":"Alfonso Garc\u00eda: \u201cA los pueblos les queda un suspiro\u201d"},"content":{"rendered":"<p>El antrop\u00f3logo, Adolfo Garc\u00eda, traslad\u00f3 a los estudiantes de 3\u00ba de Educaci\u00f3n Secundaria del IES Elisa y Luis Villamil el proceso de crisis que est\u00e1n viviendo los pueblos de Asturias, a pesar de lo que fueron hace 30 \u00f3 40 a\u00f1os. En su conferencia, profundiz\u00f3 sobre las diferentes causas de tipo externo y de tipo interno que llevaron a esta situaci\u00f3n, entre las que destac\u00f3 el papel de la mujer en las \u00faltimas cinco d\u00e9cadas, y la labor de mentalizaci\u00f3n realizada por el desarrollismo para llevar gente a las ciudades.<\/p>\n<p>Adolfo Garc\u00eda resalt\u00f3 el trabajo realizado previamente a su conferencia por el alumnado de 3\u00ba de Educaci\u00f3n Secundaria, as\u00ed como su participaci\u00f3n en el posterior coloquio.<\/p>\n","protected":false},"excerpt":{"rendered":"<p>El antrop\u00f3logo, Adolfo Garc\u00eda, traslad\u00f3 a los estudiantes de 3\u00ba de Educaci\u00f3n Secundaria del IES Elisa y Luis Villamil el proceso de crisis que est\u00e1n viviendo los pueblos de Asturias, &#8230; <a title=\"Alfonso Garc\u00eda: \u201cA los pueblos les queda un suspiro\u201d\" class=\"read-more\" href=\"https:\/\/www.comunicacionyescuela.es\/2023\/actualidad-del-foro\/alfonso-garcia-a-los-pueblos-les-queda-un-suspiro\/\" aria-label=\"Leer m\u00e1s sobre Alfonso Garc\u00eda: \u201cA los pueblos les queda un suspiro\u201d\">Leer m\u00e1s<\/a><\/p>\n","protected":false},"author":2,"featured_media":7431,"comment_status":"open","ping_status":"open","sticky":false,"template":"","format":"standard","meta":{"ngg_post_thumbnail":0,"footnotes":""},"categories":[1],"tags":[],"class_list":["post-7430","post","type-post","status-publish","format-standard","has-post-thumbnail","hentry","category-actualidad-del-foro"],"_links":{"self":[{"href":"https:\/\/www.comunicacionyescuela.es\/2023\/wp-json\/wp\/v2\/posts\/7430","targetHints":{"allow":["GET"]}}],"collection":[{"href":"https:\/\/www.comunicacionyescuela.es\/2023\/wp-json\/wp\/v2\/posts"}],"about":[{"href":"https:\/\/www.comunicacionyescuela.es\/2023\/wp-json\/wp\/v2\/types\/post"}],"author":[{"embeddable":true,"href":"https:\/\/www.comunicacionyescuela.es\/2023\/wp-json\/wp\/v2\/users\/2"}],"replies":[{"embeddable":true,"href":"https:\/\/www.comunicacionyescuela.es\/2023\/wp-json\/wp\/v2\/comments?post=7430"}],"version-history":[{"count":1,"href":"https:\/\/www.comunicacionyescuela.es\/2023\/wp-json\/wp\/v2\/posts\/7430\/revisions"}],"predecessor-version":[{"id":7432,"href":"https:\/\/www.comunicacionyescuela.es\/2023\/wp-json\/wp\/v2\/posts\/7430\/revisions\/7432"}],"wp:featuredmedia":[{"embeddable":true,"href":"https:\/\/www.comunicacionyescuela.es\/2023\/wp-json\/wp\/v2\/media\/7431"}],"wp:attachment":[{"href":"https:\/\/www.comunicacionyescuela.es\/2023\/wp-json\/wp\/v2\/media?parent=7430"}],"wp:term":[{"taxonomy":"category","embeddable":true,"href":"https:\/\/www.comunicacionyescuela.es\/2023\/wp-json\/wp\/v2\/categories?post=7430"},{"taxonomy":"post_tag","embeddable":true,"href":"https:\/\/www.comunicacionyescuela.es\/2023\/wp-json\/wp\/v2\/tags?post=7430"}],"curies":[{"name":"wp","href":"https:\/\/api.w.org\/{rel}","templated":true}]}}