{"id":6885,"date":"2023-03-28T19:36:09","date_gmt":"2023-03-28T17:36:09","guid":{"rendered":"https:\/\/www.comunicacionyescuela.es\/2023\/?p=6885"},"modified":"2023-10-09T19:55:22","modified_gmt":"2023-10-09T17:55:22","slug":"avilared","status":"publish","type":"post","link":"https:\/\/www.comunicacionyescuela.es\/2023\/noticias-en-prensa\/avilared\/","title":{"rendered":"Avilared"},"content":{"rendered":"<p><a href=\"https:\/\/avilared.com\/art\/72254\/literatura-en-el-balcon-burgohondo-y-castropol-se-unen-en-un-recorrido-poetico\" target=\"_blank\" rel=\"noopener\">Hermanamiento literario: Burgohondo y Castropol se unen en un recorrido po\u00e9tico<\/a><\/p>\n<p><a href=\"https:\/\/avilared.com\/art\/71958\/alumnos-de-navaluenga-de-intercambio-en-asturias?fbclid=IwAR3zaGuCOOBos1nHzbKWxsDNmL4LzaMqzx3r8S3MPDigrgGwAsbqJmPenC0\" target=\"_blank\" rel=\"noopener\">Alumnos de Navaluenga, de intercambio en Asturias<\/a><\/p>\n<p><a href=\"https:\/\/avilared.com\/art\/68516\/el-presidente-de-asturias-abrira-en-cebreros-el-foro-comunicacion-y-escuela\" target=\"_blank\" rel=\"noopener\">El presidente de Asturias abrir\u00e1 en Cebreros el Foro Comunicaci\u00f3n y Escuela<\/a><\/p>\n","protected":false},"excerpt":{"rendered":"<p>Hermanamiento literario: Burgohondo y Castropol se unen en un recorrido po\u00e9tico Alumnos de Navaluenga, de intercambio en Asturias El presidente de Asturias abrir\u00e1 en Cebreros el Foro Comunicaci\u00f3n y Escuela<\/p>\n","protected":false},"author":2,"featured_media":0,"comment_status":"open","ping_status":"open","sticky":false,"template":"","format":"standard","meta":{"ngg_post_thumbnail":0,"footnotes":""},"categories":[14],"tags":[],"class_list":["post-6885","post","type-post","status-publish","format-standard","hentry","category-noticias-en-prensa"],"_links":{"self":[{"href":"https:\/\/www.comunicacionyescuela.es\/2023\/wp-json\/wp\/v2\/posts\/6885","targetHints":{"allow":["GET"]}}],"collection":[{"href":"https:\/\/www.comunicacionyescuela.es\/2023\/wp-json\/wp\/v2\/posts"}],"about":[{"href":"https:\/\/www.comunicacionyescuela.es\/2023\/wp-json\/wp\/v2\/types\/post"}],"author":[{"embeddable":true,"href":"https:\/\/www.comunicacionyescuela.es\/2023\/wp-json\/wp\/v2\/users\/2"}],"replies":[{"embeddable":true,"href":"https:\/\/www.comunicacionyescuela.es\/2023\/wp-json\/wp\/v2\/comments?post=6885"}],"version-history":[{"count":3,"href":"https:\/\/www.comunicacionyescuela.es\/2023\/wp-json\/wp\/v2\/posts\/6885\/revisions"}],"predecessor-version":[{"id":10892,"href":"https:\/\/www.comunicacionyescuela.es\/2023\/wp-json\/wp\/v2\/posts\/6885\/revisions\/10892"}],"wp:attachment":[{"href":"https:\/\/www.comunicacionyescuela.es\/2023\/wp-json\/wp\/v2\/media?parent=6885"}],"wp:term":[{"taxonomy":"category","embeddable":true,"href":"https:\/\/www.comunicacionyescuela.es\/2023\/wp-json\/wp\/v2\/categories?post=6885"},{"taxonomy":"post_tag","embeddable":true,"href":"https:\/\/www.comunicacionyescuela.es\/2023\/wp-json\/wp\/v2\/tags?post=6885"}],"curies":[{"name":"wp","href":"https:\/\/api.w.org\/{rel}","templated":true}]}}