{"id":6865,"date":"2023-03-28T19:22:29","date_gmt":"2023-03-28T17:22:29","guid":{"rendered":"https:\/\/www.comunicacionyescuela.es\/2023\/?p=6865"},"modified":"2023-03-28T19:22:29","modified_gmt":"2023-03-28T17:22:29","slug":"comienzan-las-actividades-del-foro-con-el-intercambio-educativo-con-avila","status":"publish","type":"post","link":"https:\/\/www.comunicacionyescuela.es\/2023\/actualidad-del-foro\/comienzan-las-actividades-del-foro-con-el-intercambio-educativo-con-avila\/","title":{"rendered":"Comienzan las actividades del Foro con el intercambio educativo con \u00c1vila"},"content":{"rendered":"<p>Comienzan las actividades de este 15 Foro Comunicaci\u00f3n y Escuela con el viaje a \u00c1vila de cinco d\u00edas de duraci\u00f3n de los alumnos\/as de 3\u00ba de Educaci\u00f3n Secundaria, que participar\u00e1n en la primera parte del intercambio educativo \u00c1vila-Asturias. Entre las actividades a realizar se encuentra la visita a \u00c1vila capital, donde ser\u00e1n recibidos en el Ayuntamiento por el alcalde de la ciudad. Igualmente, visitar\u00e1n Madrigal de las Altas Torres, localidad donde naci\u00f3 la Reina Isabel La Cat\u00f3lica, en la que tendr\u00e1n la oportunidad de conocer una bodega, ser\u00e1n recibidos en el Ayuntamiento y recorrer\u00e1n el interior del Palacio de Juan II. Asimismo, durante este intercambio, se desplazar\u00e1n una jornada a Madrid. El pen\u00faltimo d\u00eda tendr\u00e1n actividades en Vector Academy, el complejo donde se alojar\u00e1n, y en las localidades de Navaluenga y Burgohondo. El \u00faltimo d\u00eda ir\u00e1n a Cebreros para conocer la Estaci\u00f3n de Seguimiento de Sat\u00e9lites del Espacio Profundo de la Agencia Espacial Europea y el Museo Adolfo Su\u00e1rez y la Transici\u00f3n, ambos en Cebreros, donde coincidir\u00e1n con la delegaci\u00f3n asturiana encabezada por el presidente del Gobierno de Asturias, Adri\u00e1n Barb\u00f3n, que estar\u00e1n en esta localidad con motivo de haber inaugurado el d\u00eda anterior esta edici\u00f3n del Foro Comunicaci\u00f3n y Escuela con una conferencia sobre la Transici\u00f3n en la Casa Natal de Adolfo Su\u00e1rez.<\/p>\n<p>En el mes de septiembre alumnos\/as de 3\u00ba de Educaci\u00f3n Secundaria Valle del Alberche de Navaluenga visitar\u00e1n el occidente de Asturias en lo que ser\u00e1 la segunda parte de este intercambio educativo.<\/p>\n","protected":false},"excerpt":{"rendered":"<p>Comienzan las actividades de este 15 Foro Comunicaci\u00f3n y Escuela con el viaje a \u00c1vila de cinco d\u00edas de duraci\u00f3n de los alumnos\/as de 3\u00ba de Educaci\u00f3n Secundaria, que participar\u00e1n &#8230; <a title=\"Comienzan las actividades del Foro con el intercambio educativo con \u00c1vila\" class=\"read-more\" href=\"https:\/\/www.comunicacionyescuela.es\/2023\/actualidad-del-foro\/comienzan-las-actividades-del-foro-con-el-intercambio-educativo-con-avila\/\" aria-label=\"Leer m\u00e1s sobre Comienzan las actividades del Foro con el intercambio educativo con \u00c1vila\">Leer m\u00e1s<\/a><\/p>\n","protected":false},"author":2,"featured_media":6866,"comment_status":"open","ping_status":"open","sticky":false,"template":"","format":"standard","meta":{"ngg_post_thumbnail":0,"footnotes":""},"categories":[1],"tags":[],"class_list":["post-6865","post","type-post","status-publish","format-standard","has-post-thumbnail","hentry","category-actualidad-del-foro"],"_links":{"self":[{"href":"https:\/\/www.comunicacionyescuela.es\/2023\/wp-json\/wp\/v2\/posts\/6865","targetHints":{"allow":["GET"]}}],"collection":[{"href":"https:\/\/www.comunicacionyescuela.es\/2023\/wp-json\/wp\/v2\/posts"}],"about":[{"href":"https:\/\/www.comunicacionyescuela.es\/2023\/wp-json\/wp\/v2\/types\/post"}],"author":[{"embeddable":true,"href":"https:\/\/www.comunicacionyescuela.es\/2023\/wp-json\/wp\/v2\/users\/2"}],"replies":[{"embeddable":true,"href":"https:\/\/www.comunicacionyescuela.es\/2023\/wp-json\/wp\/v2\/comments?post=6865"}],"version-history":[{"count":1,"href":"https:\/\/www.comunicacionyescuela.es\/2023\/wp-json\/wp\/v2\/posts\/6865\/revisions"}],"predecessor-version":[{"id":6867,"href":"https:\/\/www.comunicacionyescuela.es\/2023\/wp-json\/wp\/v2\/posts\/6865\/revisions\/6867"}],"wp:featuredmedia":[{"embeddable":true,"href":"https:\/\/www.comunicacionyescuela.es\/2023\/wp-json\/wp\/v2\/media\/6866"}],"wp:attachment":[{"href":"https:\/\/www.comunicacionyescuela.es\/2023\/wp-json\/wp\/v2\/media?parent=6865"}],"wp:term":[{"taxonomy":"category","embeddable":true,"href":"https:\/\/www.comunicacionyescuela.es\/2023\/wp-json\/wp\/v2\/categories?post=6865"},{"taxonomy":"post_tag","embeddable":true,"href":"https:\/\/www.comunicacionyescuela.es\/2023\/wp-json\/wp\/v2\/tags?post=6865"}],"curies":[{"name":"wp","href":"https:\/\/api.w.org\/{rel}","templated":true}]}}