{"id":11411,"date":"2023-11-13T18:59:07","date_gmt":"2023-11-13T17:59:07","guid":{"rendered":"https:\/\/www.comunicacionyescuela.es\/2023\/?p=11411"},"modified":"2023-11-13T18:59:07","modified_gmt":"2023-11-13T17:59:07","slug":"conferencia-sobre-las-fuerzas-armadas-en-castropol","status":"publish","type":"post","link":"https:\/\/www.comunicacionyescuela.es\/2023\/actualidad-del-foro\/conferencia-sobre-las-fuerzas-armadas-en-castropol\/","title":{"rendered":"Conferencia sobre las Fuerzas Armadas en Castropol"},"content":{"rendered":"<p>Juan Luis Gonz\u00e1lez, coronel delegado de defensa en Asturias; Pedro Luis Guti\u00e9rrez, coronel jefe del RIL Pr\u00edncipe 3 y comandante militar de Asturias; Luis Vicente Marqu\u00e9s, coronel comandante militar de la Armada en Gij\u00f3n; Ignacio de Don Pablo, coronel director de la Academia B\u00e1sica del Aire de Le\u00f3n y comandante militar A\u00e9reo de Asturias y Francisco Javier Puerta Mu\u00f1oz, coronel jefe de la 14 zona de la Guardia Civil, ser\u00e1n los invitados de la conferencia de clausura de este 15 Foro Comunicaci\u00f3n y Escuela que llevar\u00e1 por t\u00edtulo:\u201d Las Fuerzas Armadas ante los retos del siglo XXI\u201d, y que tiene como objetivo conocer cu\u00e1l es el papel del ej\u00e9rcito en un pa\u00eds democr\u00e1tico y las salidas profesionales que ofrece, al igual que la Guardia Civil.<br \/>\nEsta conferencia ser\u00e1 a las 9,45 horas y se dirigir\u00e1 a los alumnos\/as de 4\u00ba de Educaci\u00f3n Secundaria y 1\u00ba de Bachillerato.<\/p>\n","protected":false},"excerpt":{"rendered":"<p>Juan Luis Gonz\u00e1lez, coronel delegado de defensa en Asturias; Pedro Luis Guti\u00e9rrez, coronel jefe del RIL Pr\u00edncipe 3 y comandante militar de Asturias; Luis Vicente Marqu\u00e9s, coronel comandante militar de &#8230; <a title=\"Conferencia sobre las Fuerzas Armadas en Castropol\" class=\"read-more\" href=\"https:\/\/www.comunicacionyescuela.es\/2023\/actualidad-del-foro\/conferencia-sobre-las-fuerzas-armadas-en-castropol\/\" aria-label=\"Leer m\u00e1s sobre Conferencia sobre las Fuerzas Armadas en Castropol\">Leer m\u00e1s<\/a><\/p>\n","protected":false},"author":2,"featured_media":11412,"comment_status":"open","ping_status":"open","sticky":false,"template":"","format":"standard","meta":{"ngg_post_thumbnail":0,"footnotes":""},"categories":[1],"tags":[],"class_list":["post-11411","post","type-post","status-publish","format-standard","has-post-thumbnail","hentry","category-actualidad-del-foro"],"_links":{"self":[{"href":"https:\/\/www.comunicacionyescuela.es\/2023\/wp-json\/wp\/v2\/posts\/11411","targetHints":{"allow":["GET"]}}],"collection":[{"href":"https:\/\/www.comunicacionyescuela.es\/2023\/wp-json\/wp\/v2\/posts"}],"about":[{"href":"https:\/\/www.comunicacionyescuela.es\/2023\/wp-json\/wp\/v2\/types\/post"}],"author":[{"embeddable":true,"href":"https:\/\/www.comunicacionyescuela.es\/2023\/wp-json\/wp\/v2\/users\/2"}],"replies":[{"embeddable":true,"href":"https:\/\/www.comunicacionyescuela.es\/2023\/wp-json\/wp\/v2\/comments?post=11411"}],"version-history":[{"count":1,"href":"https:\/\/www.comunicacionyescuela.es\/2023\/wp-json\/wp\/v2\/posts\/11411\/revisions"}],"predecessor-version":[{"id":11413,"href":"https:\/\/www.comunicacionyescuela.es\/2023\/wp-json\/wp\/v2\/posts\/11411\/revisions\/11413"}],"wp:featuredmedia":[{"embeddable":true,"href":"https:\/\/www.comunicacionyescuela.es\/2023\/wp-json\/wp\/v2\/media\/11412"}],"wp:attachment":[{"href":"https:\/\/www.comunicacionyescuela.es\/2023\/wp-json\/wp\/v2\/media?parent=11411"}],"wp:term":[{"taxonomy":"category","embeddable":true,"href":"https:\/\/www.comunicacionyescuela.es\/2023\/wp-json\/wp\/v2\/categories?post=11411"},{"taxonomy":"post_tag","embeddable":true,"href":"https:\/\/www.comunicacionyescuela.es\/2023\/wp-json\/wp\/v2\/tags?post=11411"}],"curies":[{"name":"wp","href":"https:\/\/api.w.org\/{rel}","templated":true}]}}