{"id":11408,"date":"2023-11-13T18:57:00","date_gmt":"2023-11-13T17:57:00","guid":{"rendered":"https:\/\/www.comunicacionyescuela.es\/2023\/?p=11408"},"modified":"2023-11-13T18:57:00","modified_gmt":"2023-11-13T17:57:00","slug":"castropol-y-vegadeo-acogeran-los-actos-de-clausura-del-15-foro-comunicacion-y-escuela","status":"publish","type":"post","link":"https:\/\/www.comunicacionyescuela.es\/2023\/actualidad-del-foro\/castropol-y-vegadeo-acogeran-los-actos-de-clausura-del-15-foro-comunicacion-y-escuela\/","title":{"rendered":"Castropol y Vegadeo acoger\u00e1n los actos de clausura del 15 Foro Comunicaci\u00f3n y Escuela"},"content":{"rendered":"<p>Las localidades de Castropol y Vegadeo, acoger\u00e1n los actos de clausura del 15 Foro Comunicaci\u00f3n y Escuela que tendr\u00e1n lugar el pr\u00f3ximo d\u00eda 30 de octubre.<br \/>\nEn la Casa de Cultura de Castropol tendr\u00e1 lugar la conferencia de clausura que llevar\u00e1 por t\u00edtulo \u201cLas Fuerzas Armadas ante los retos del siglo XXI\u201d, y en ella participar\u00e1n Juan Luis Gonz\u00e1lez, coronel delegado de defensa en Asturias; Pedro Luis Guti\u00e9rrez, coronel jefe del RIL Pr\u00edncipe 3 y comandante militar de Asturias; Luis Vicente Marqu\u00e9s, coronel comandante militar de la Armada en Gij\u00f3n; Ignacio de Don Pablo, coronel director de la Academia B\u00e1sica del Aire de Le\u00f3n y comandante militar A\u00e9reo de Asturias y Francisco Javier Puerta Mu\u00f1oz, coronel jefe de la 14 zona de la Guardia Civil. Esta conferencia ser\u00e1 a las 9,45 horas y se dirigir\u00e1 a los alumnos\/as de 4\u00ba de Educaci\u00f3n Secundaria y 1\u00ba de Bachillerato.<br \/>\nPosteriormente, los actos se trasladar\u00e1n a Vegadeo. A partir de las 12,20 Onda Cero Radio emitir\u00e1 su programaci\u00f3n comarcal y auton\u00f3mica desde la biblioteca del IES Elisa y Luis Villamil.<br \/>\nSeguidamente se realizar\u00e1 un gran homenaje al empresario, Francisco Rodr\u00edguez Garc\u00eda, presidente de Reny Picot, en el que se descubrir\u00e1 un retrato suyo en el Instituto pintado y donado por la profesora y artista, Lulas Rodr\u00edguez Somoza. Francisco Rodr\u00edguez, ha contribuido de manera notable al desarrollo del Foro Comunicaci\u00f3n y Escuela haciendo posible con ello algunas de las actividades m\u00e1s destacadas. A continuaci\u00f3n, se inaugurar\u00e1 una exposici\u00f3n fotogr\u00e1fica que recoge los 14 a\u00f1os del Foro y que tendr\u00e1 car\u00e1cter permanente en la planta baja del Instituto.<br \/>\nConcluir\u00e1n los actos de la ma\u00f1ana con la imposici\u00f3n de la insignia de oro del Foro Comunicaci\u00f3n y Escuela a Javier Rojo, ex presidente del Senado, y a Ana Pastor, ex presidenta del Congreso, al ser los dos m\u00e1ximos responsables de las Cortes Generales que visitaron, en su momento, Oscos-Eo con motivo de su participaci\u00f3n en el Foro.<br \/>\nLos actos finalizar\u00e1n por la tarde en el Auditorio F\u00e9lix Men\u00e9ndez de la Casa de Cultura de Vegadeo con el acto institucional de clausura que estar\u00e1 presidido por el presidente de la Junta<br \/>\nGeneral del Principado, Juan Cofi\u00f1o. Este acto dar\u00e1 comienzo a las 17 horas.<\/p>\n","protected":false},"excerpt":{"rendered":"<p>Las localidades de Castropol y Vegadeo, acoger\u00e1n los actos de clausura del 15 Foro Comunicaci\u00f3n y Escuela que tendr\u00e1n lugar el pr\u00f3ximo d\u00eda 30 de octubre. En la Casa de &#8230; <a title=\"Castropol y Vegadeo acoger\u00e1n los actos de clausura del 15 Foro Comunicaci\u00f3n y Escuela\" class=\"read-more\" href=\"https:\/\/www.comunicacionyescuela.es\/2023\/actualidad-del-foro\/castropol-y-vegadeo-acogeran-los-actos-de-clausura-del-15-foro-comunicacion-y-escuela\/\" aria-label=\"Leer m\u00e1s sobre Castropol y Vegadeo acoger\u00e1n los actos de clausura del 15 Foro Comunicaci\u00f3n y Escuela\">Leer m\u00e1s<\/a><\/p>\n","protected":false},"author":2,"featured_media":11409,"comment_status":"open","ping_status":"open","sticky":false,"template":"","format":"standard","meta":{"ngg_post_thumbnail":0,"footnotes":""},"categories":[1],"tags":[],"class_list":["post-11408","post","type-post","status-publish","format-standard","has-post-thumbnail","hentry","category-actualidad-del-foro"],"_links":{"self":[{"href":"https:\/\/www.comunicacionyescuela.es\/2023\/wp-json\/wp\/v2\/posts\/11408","targetHints":{"allow":["GET"]}}],"collection":[{"href":"https:\/\/www.comunicacionyescuela.es\/2023\/wp-json\/wp\/v2\/posts"}],"about":[{"href":"https:\/\/www.comunicacionyescuela.es\/2023\/wp-json\/wp\/v2\/types\/post"}],"author":[{"embeddable":true,"href":"https:\/\/www.comunicacionyescuela.es\/2023\/wp-json\/wp\/v2\/users\/2"}],"replies":[{"embeddable":true,"href":"https:\/\/www.comunicacionyescuela.es\/2023\/wp-json\/wp\/v2\/comments?post=11408"}],"version-history":[{"count":1,"href":"https:\/\/www.comunicacionyescuela.es\/2023\/wp-json\/wp\/v2\/posts\/11408\/revisions"}],"predecessor-version":[{"id":11410,"href":"https:\/\/www.comunicacionyescuela.es\/2023\/wp-json\/wp\/v2\/posts\/11408\/revisions\/11410"}],"wp:featuredmedia":[{"embeddable":true,"href":"https:\/\/www.comunicacionyescuela.es\/2023\/wp-json\/wp\/v2\/media\/11409"}],"wp:attachment":[{"href":"https:\/\/www.comunicacionyescuela.es\/2023\/wp-json\/wp\/v2\/media?parent=11408"}],"wp:term":[{"taxonomy":"category","embeddable":true,"href":"https:\/\/www.comunicacionyescuela.es\/2023\/wp-json\/wp\/v2\/categories?post=11408"},{"taxonomy":"post_tag","embeddable":true,"href":"https:\/\/www.comunicacionyescuela.es\/2023\/wp-json\/wp\/v2\/tags?post=11408"}],"curies":[{"name":"wp","href":"https:\/\/api.w.org\/{rel}","templated":true}]}}