{"id":11405,"date":"2023-11-13T18:52:23","date_gmt":"2023-11-13T17:52:23","guid":{"rendered":"https:\/\/www.comunicacionyescuela.es\/2023\/?p=11405"},"modified":"2023-11-13T18:52:23","modified_gmt":"2023-11-13T17:52:23","slug":"los-valores-del-instituto-elisa-y-luis-villamil","status":"publish","type":"post","link":"https:\/\/www.comunicacionyescuela.es\/2023\/actualidad-del-foro\/los-valores-del-instituto-elisa-y-luis-villamil\/","title":{"rendered":"Los valores del Instituto Elisa y Luis Villamil"},"content":{"rendered":"<p>Pelayo Hevia, neurocirujano; Claudia Mart\u00edn, graduada en Qu\u00edmica y polic\u00eda nacional; Carla Prieto, t\u00e9cnica superior en Higiene Bucodental y estudiantes de 5\u00ba curso del Grado de Odontolog\u00eda; David Fern\u00e1ndez, t\u00e9cnico superior en Ganader\u00eda y Asistencia Animal y ganadero; Sara \u00c1lvarez de la Linera, graduada en Sociolog\u00eda y Relaciones Internacionales y Mart\u00edn Sanjurjo, t\u00e9cnico superior en Mecatr\u00f3nica, regresaron al Instituto Elisa y Luis Villamil a\u00f1os despu\u00e9s de haber concluido sus estudios de Bachillerato. Lo hicieron para participar en el coloquio \u201cLos valores del medio rural\u201d dirigido a los actuales estudiantes de esta etapa educativa.<br \/>\nDurante su intervenci\u00f3n, en la que lograron mantener un alto grado de atenci\u00f3n entre los asistentes, contaron su trayectoria formativa tanto en la Universidad, como en la Formaci\u00f3n Profesional, y dieron algunos consejos a los actuales estudiantes de Bachillerato, tales como el no obsesionarse con decidir precipitadamente qu\u00e9 elegir, c\u00f3mo planificar la vida de estudiante, c\u00f3mo compaginar el estudio con la pr\u00e1ctica deportiva, o c\u00f3mo organizar la vida fuera de casa y sin el apoyo tan cercano de la familia.<br \/>\nContestaron a numerosas preguntas que les formularon los alumnos y alumnas de 1\u00ba y 2\u00ba de Bachillerato y finalmente firmaron en el libro de honor del Foro Comunicaci\u00f3n y Escuela.<\/p>\n","protected":false},"excerpt":{"rendered":"<p>Pelayo Hevia, neurocirujano; Claudia Mart\u00edn, graduada en Qu\u00edmica y polic\u00eda nacional; Carla Prieto, t\u00e9cnica superior en Higiene Bucodental y estudiantes de 5\u00ba curso del Grado de Odontolog\u00eda; David Fern\u00e1ndez, t\u00e9cnico &#8230; <a title=\"Los valores del Instituto Elisa y Luis Villamil\" class=\"read-more\" href=\"https:\/\/www.comunicacionyescuela.es\/2023\/actualidad-del-foro\/los-valores-del-instituto-elisa-y-luis-villamil\/\" aria-label=\"Leer m\u00e1s sobre Los valores del Instituto Elisa y Luis Villamil\">Leer m\u00e1s<\/a><\/p>\n","protected":false},"author":2,"featured_media":11406,"comment_status":"open","ping_status":"open","sticky":false,"template":"","format":"standard","meta":{"ngg_post_thumbnail":0,"footnotes":""},"categories":[1],"tags":[],"class_list":["post-11405","post","type-post","status-publish","format-standard","has-post-thumbnail","hentry","category-actualidad-del-foro"],"_links":{"self":[{"href":"https:\/\/www.comunicacionyescuela.es\/2023\/wp-json\/wp\/v2\/posts\/11405","targetHints":{"allow":["GET"]}}],"collection":[{"href":"https:\/\/www.comunicacionyescuela.es\/2023\/wp-json\/wp\/v2\/posts"}],"about":[{"href":"https:\/\/www.comunicacionyescuela.es\/2023\/wp-json\/wp\/v2\/types\/post"}],"author":[{"embeddable":true,"href":"https:\/\/www.comunicacionyescuela.es\/2023\/wp-json\/wp\/v2\/users\/2"}],"replies":[{"embeddable":true,"href":"https:\/\/www.comunicacionyescuela.es\/2023\/wp-json\/wp\/v2\/comments?post=11405"}],"version-history":[{"count":1,"href":"https:\/\/www.comunicacionyescuela.es\/2023\/wp-json\/wp\/v2\/posts\/11405\/revisions"}],"predecessor-version":[{"id":11407,"href":"https:\/\/www.comunicacionyescuela.es\/2023\/wp-json\/wp\/v2\/posts\/11405\/revisions\/11407"}],"wp:featuredmedia":[{"embeddable":true,"href":"https:\/\/www.comunicacionyescuela.es\/2023\/wp-json\/wp\/v2\/media\/11406"}],"wp:attachment":[{"href":"https:\/\/www.comunicacionyescuela.es\/2023\/wp-json\/wp\/v2\/media?parent=11405"}],"wp:term":[{"taxonomy":"category","embeddable":true,"href":"https:\/\/www.comunicacionyescuela.es\/2023\/wp-json\/wp\/v2\/categories?post=11405"},{"taxonomy":"post_tag","embeddable":true,"href":"https:\/\/www.comunicacionyescuela.es\/2023\/wp-json\/wp\/v2\/tags?post=11405"}],"curies":[{"name":"wp","href":"https:\/\/api.w.org\/{rel}","templated":true}]}}