{"id":10926,"date":"2023-10-23T18:01:58","date_gmt":"2023-10-23T16:01:58","guid":{"rendered":"https:\/\/www.comunicacionyescuela.es\/2023\/?p=10926"},"modified":"2023-10-23T18:01:58","modified_gmt":"2023-10-23T16:01:58","slug":"conferencia-y-talleres-de-rcp-para-el-profesorado-de-oscos-eo","status":"publish","type":"post","link":"https:\/\/www.comunicacionyescuela.es\/2023\/actualidad-del-foro\/conferencia-y-talleres-de-rcp-para-el-profesorado-de-oscos-eo\/","title":{"rendered":"Conferencia y talleres de RCP para el profesorado de Oscos-Eo"},"content":{"rendered":"<p>Unos veinte profesores y profesoras de Educaci\u00f3n Primaria y Educaci\u00f3n Secundaria de diversos centros educativos de Oscos-Eo participaron en una jornada sobre la Reanimaci\u00f3n<br \/>\nCardiopulmonar que tuvo lugar en las instalaciones del Instituto de Educaci\u00f3n Secundaria Elisa y Luis Villamil de Vegadeo.<br \/>\nSe imparti\u00f3 una conferencia y se realizaron diversos talleres de Reanimaci\u00f3n Cardiopulmonar (RCP), a cargo de personal m\u00e9dico del Hospital Universitario Central de Asturias y del Hospital<br \/>\nCabue\u00f1es de Gij\u00f3n encabezados por el presidente de la comisi\u00f3n de RCP del \u00c1rea Sanitaria IV, el doctor Jos\u00e9 Antonio Gonzalo Guerra.<br \/>\nDesde el comienzo del Foro Comunicaci\u00f3n y Escuela se han dedicado diversas jornadas al conocimiento de la RCP por parte del profesorado.<\/p>\n","protected":false},"excerpt":{"rendered":"<p>Unos veinte profesores y profesoras de Educaci\u00f3n Primaria y Educaci\u00f3n Secundaria de diversos centros educativos de Oscos-Eo participaron en una jornada sobre la Reanimaci\u00f3n Cardiopulmonar que tuvo lugar en las &#8230; <a title=\"Conferencia y talleres de RCP para el profesorado de Oscos-Eo\" class=\"read-more\" href=\"https:\/\/www.comunicacionyescuela.es\/2023\/actualidad-del-foro\/conferencia-y-talleres-de-rcp-para-el-profesorado-de-oscos-eo\/\" aria-label=\"Leer m\u00e1s sobre Conferencia y talleres de RCP para el profesorado de Oscos-Eo\">Leer m\u00e1s<\/a><\/p>\n","protected":false},"author":2,"featured_media":10928,"comment_status":"open","ping_status":"open","sticky":false,"template":"","format":"standard","meta":{"ngg_post_thumbnail":0,"footnotes":""},"categories":[1],"tags":[],"class_list":["post-10926","post","type-post","status-publish","format-standard","has-post-thumbnail","hentry","category-actualidad-del-foro"],"_links":{"self":[{"href":"https:\/\/www.comunicacionyescuela.es\/2023\/wp-json\/wp\/v2\/posts\/10926","targetHints":{"allow":["GET"]}}],"collection":[{"href":"https:\/\/www.comunicacionyescuela.es\/2023\/wp-json\/wp\/v2\/posts"}],"about":[{"href":"https:\/\/www.comunicacionyescuela.es\/2023\/wp-json\/wp\/v2\/types\/post"}],"author":[{"embeddable":true,"href":"https:\/\/www.comunicacionyescuela.es\/2023\/wp-json\/wp\/v2\/users\/2"}],"replies":[{"embeddable":true,"href":"https:\/\/www.comunicacionyescuela.es\/2023\/wp-json\/wp\/v2\/comments?post=10926"}],"version-history":[{"count":1,"href":"https:\/\/www.comunicacionyescuela.es\/2023\/wp-json\/wp\/v2\/posts\/10926\/revisions"}],"predecessor-version":[{"id":10929,"href":"https:\/\/www.comunicacionyescuela.es\/2023\/wp-json\/wp\/v2\/posts\/10926\/revisions\/10929"}],"wp:featuredmedia":[{"embeddable":true,"href":"https:\/\/www.comunicacionyescuela.es\/2023\/wp-json\/wp\/v2\/media\/10928"}],"wp:attachment":[{"href":"https:\/\/www.comunicacionyescuela.es\/2023\/wp-json\/wp\/v2\/media?parent=10926"}],"wp:term":[{"taxonomy":"category","embeddable":true,"href":"https:\/\/www.comunicacionyescuela.es\/2023\/wp-json\/wp\/v2\/categories?post=10926"},{"taxonomy":"post_tag","embeddable":true,"href":"https:\/\/www.comunicacionyescuela.es\/2023\/wp-json\/wp\/v2\/tags?post=10926"}],"curies":[{"name":"wp","href":"https:\/\/api.w.org\/{rel}","templated":true}]}}