{"id":10897,"date":"2023-10-16T10:02:47","date_gmt":"2023-10-16T08:02:47","guid":{"rendered":"https:\/\/www.comunicacionyescuela.es\/2023\/?p=10897"},"modified":"2023-10-16T10:02:47","modified_gmt":"2023-10-16T08:02:47","slug":"conferencia-de-margarita-del-val","status":"publish","type":"post","link":"https:\/\/www.comunicacionyescuela.es\/2023\/actualidad-del-foro\/conferencia-de-margarita-del-val\/","title":{"rendered":"Conferencia de Margarita del Val"},"content":{"rendered":"<p>La prestigiosa cient\u00edfica, Margarita del Val, qu\u00edmica, vir\u00f3loga e inmun\u00f3loga, impartir\u00e1 la conferencia \u201c\u00bfEstamos preparados para la pr\u00f3xima pandemia?\u201d en el marco de las actividades<br \/>\nde este 15 Foro Comunicaci\u00f3n y Escuela. Margarita del Val es una cient\u00edfica e investigadora que trabaja en el Centro Superior de Investigaciones Cient\u00edficas y en el Centro de Biolog\u00eda<br \/>\nMolecular Severo Ochoa.<br \/>\nEsta conferencia, que ser\u00e1 el d\u00eda 16 de octubre, se desarrollar\u00e1 en el sal\u00f3n de actos del IES Elisa y Luis Villamil, a las 12,50, y se dirige a los alumnos\/as de 1\u00ba y 2\u00ba de Bachillerato.<\/p>\n","protected":false},"excerpt":{"rendered":"<p>La prestigiosa cient\u00edfica, Margarita del Val, qu\u00edmica, vir\u00f3loga e inmun\u00f3loga, impartir\u00e1 la conferencia \u201c\u00bfEstamos preparados para la pr\u00f3xima pandemia?\u201d en el marco de las actividades de este 15 Foro Comunicaci\u00f3n &#8230; <a title=\"Conferencia de Margarita del Val\" class=\"read-more\" href=\"https:\/\/www.comunicacionyescuela.es\/2023\/actualidad-del-foro\/conferencia-de-margarita-del-val\/\" aria-label=\"Leer m\u00e1s sobre Conferencia de Margarita del Val\">Leer m\u00e1s<\/a><\/p>\n","protected":false},"author":2,"featured_media":10898,"comment_status":"open","ping_status":"open","sticky":false,"template":"","format":"standard","meta":{"ngg_post_thumbnail":0,"footnotes":""},"categories":[1],"tags":[],"class_list":["post-10897","post","type-post","status-publish","format-standard","has-post-thumbnail","hentry","category-actualidad-del-foro"],"_links":{"self":[{"href":"https:\/\/www.comunicacionyescuela.es\/2023\/wp-json\/wp\/v2\/posts\/10897","targetHints":{"allow":["GET"]}}],"collection":[{"href":"https:\/\/www.comunicacionyescuela.es\/2023\/wp-json\/wp\/v2\/posts"}],"about":[{"href":"https:\/\/www.comunicacionyescuela.es\/2023\/wp-json\/wp\/v2\/types\/post"}],"author":[{"embeddable":true,"href":"https:\/\/www.comunicacionyescuela.es\/2023\/wp-json\/wp\/v2\/users\/2"}],"replies":[{"embeddable":true,"href":"https:\/\/www.comunicacionyescuela.es\/2023\/wp-json\/wp\/v2\/comments?post=10897"}],"version-history":[{"count":1,"href":"https:\/\/www.comunicacionyescuela.es\/2023\/wp-json\/wp\/v2\/posts\/10897\/revisions"}],"predecessor-version":[{"id":10899,"href":"https:\/\/www.comunicacionyescuela.es\/2023\/wp-json\/wp\/v2\/posts\/10897\/revisions\/10899"}],"wp:featuredmedia":[{"embeddable":true,"href":"https:\/\/www.comunicacionyescuela.es\/2023\/wp-json\/wp\/v2\/media\/10898"}],"wp:attachment":[{"href":"https:\/\/www.comunicacionyescuela.es\/2023\/wp-json\/wp\/v2\/media?parent=10897"}],"wp:term":[{"taxonomy":"category","embeddable":true,"href":"https:\/\/www.comunicacionyescuela.es\/2023\/wp-json\/wp\/v2\/categories?post=10897"},{"taxonomy":"post_tag","embeddable":true,"href":"https:\/\/www.comunicacionyescuela.es\/2023\/wp-json\/wp\/v2\/tags?post=10897"}],"curies":[{"name":"wp","href":"https:\/\/api.w.org\/{rel}","templated":true}]}}