{"id":10746,"date":"2023-10-09T19:31:34","date_gmt":"2023-10-09T17:31:34","guid":{"rendered":"https:\/\/www.comunicacionyescuela.es\/2023\/?p=10746"},"modified":"2023-10-09T19:31:34","modified_gmt":"2023-10-09T17:31:34","slug":"literatura-en-el-balcon-en-burgohondo-avila-y-asturias-afianzan-sus-vinculos-a-traves-de-la-educacion","status":"publish","type":"post","link":"https:\/\/www.comunicacionyescuela.es\/2023\/actualidad-del-foro\/literatura-en-el-balcon-en-burgohondo-avila-y-asturias-afianzan-sus-vinculos-a-traves-de-la-educacion\/","title":{"rendered":"Literatura en el balc\u00f3n en Burgohondo. \u00c1vila y Asturias afianzan sus v\u00ednculos a trav\u00e9s de la educaci\u00f3n"},"content":{"rendered":"<p>Burgohondo (\u00c1vila) acogi\u00f3 la segunda jornada \u201cLiteratura en el balc\u00f3n\u201d, la primera se hab\u00eda celebrado en Castropol el pasado mes de junio, en la que los estrechos v\u00ednculos entre \u00c1vila y<br \/>\nAsturias se han visto fortalecidos.<br \/>\nLa jornada comenz\u00f3 con un acto en el atrio de la Abad\u00eda de Santa Mar\u00eda del Burgo con las intervenciones del concejal de Cultura de Burgohondo, Jorge Fern\u00e1ndez; el coordinador del<br \/>\nForo Comunicaci\u00f3n y Escuela, Luis Felipe Fern\u00e1ndez y la bibliotecaria de Burgohondo, Mar\u00eda Blanco. Intervinieron tambi\u00e9n los seis escritores participantes en esa jornada: Jos\u00e9 Mar\u00eda<br \/>\nQuir\u00f3s, Jos\u00e9 Pulido, Jos\u00e9 Francisco Rodil Lombard\u00eda, Andrea Molero, Carlos Fern\u00e1ndez Aganzo y Fernando Beltr\u00e1n.<br \/>\nPosteriormente, se inici\u00f3 un recorrido literario por las calles de la localidad en las que se hab\u00edan colocado paneles con fragmentos de obras de los autores antes mencionados. Cada<br \/>\nescritor fue el encargado de recitar en voz alta el fragmento elegido, un momento, sin duda, que contribuy\u00f3 al realce y emotividad del acto.<br \/>\nFinalizado el recorrido tuvo lugar un acto institucional en el Sal\u00f3n de Plenos del Ayuntamiento presidido por el alcalde de Burgohondo, Francisco Fern\u00e1ndez; el alcalde de Vegadeo, C\u00e9sar<br \/>\n\u00c1lvarez y el alcalde de Castropol, Francisco Javier Vinjoy. Asistieron, igualmente, el diputado de Cultura de la Diputaci\u00f3n de \u00c1vila, Javier Gonz\u00e1lez; el concejal de Cultura del Ayuntamiento de<br \/>\nVegadeo, Pablo Fern\u00e1ndez y la bibliotecaria de Castropol, Manuela Busto.<\/p>\n","protected":false},"excerpt":{"rendered":"<p>Burgohondo (\u00c1vila) acogi\u00f3 la segunda jornada \u201cLiteratura en el balc\u00f3n\u201d, la primera se hab\u00eda celebrado en Castropol el pasado mes de junio, en la que los estrechos v\u00ednculos entre \u00c1vila &#8230; <a title=\"Literatura en el balc\u00f3n en Burgohondo. \u00c1vila y Asturias afianzan sus v\u00ednculos a trav\u00e9s de la educaci\u00f3n\" class=\"read-more\" href=\"https:\/\/www.comunicacionyescuela.es\/2023\/actualidad-del-foro\/literatura-en-el-balcon-en-burgohondo-avila-y-asturias-afianzan-sus-vinculos-a-traves-de-la-educacion\/\" aria-label=\"Leer m\u00e1s sobre Literatura en el balc\u00f3n en Burgohondo. \u00c1vila y Asturias afianzan sus v\u00ednculos a trav\u00e9s de la educaci\u00f3n\">Leer m\u00e1s<\/a><\/p>\n","protected":false},"author":2,"featured_media":10747,"comment_status":"open","ping_status":"open","sticky":false,"template":"","format":"standard","meta":{"ngg_post_thumbnail":0,"footnotes":""},"categories":[1],"tags":[],"class_list":["post-10746","post","type-post","status-publish","format-standard","has-post-thumbnail","hentry","category-actualidad-del-foro"],"_links":{"self":[{"href":"https:\/\/www.comunicacionyescuela.es\/2023\/wp-json\/wp\/v2\/posts\/10746","targetHints":{"allow":["GET"]}}],"collection":[{"href":"https:\/\/www.comunicacionyescuela.es\/2023\/wp-json\/wp\/v2\/posts"}],"about":[{"href":"https:\/\/www.comunicacionyescuela.es\/2023\/wp-json\/wp\/v2\/types\/post"}],"author":[{"embeddable":true,"href":"https:\/\/www.comunicacionyescuela.es\/2023\/wp-json\/wp\/v2\/users\/2"}],"replies":[{"embeddable":true,"href":"https:\/\/www.comunicacionyescuela.es\/2023\/wp-json\/wp\/v2\/comments?post=10746"}],"version-history":[{"count":1,"href":"https:\/\/www.comunicacionyescuela.es\/2023\/wp-json\/wp\/v2\/posts\/10746\/revisions"}],"predecessor-version":[{"id":10748,"href":"https:\/\/www.comunicacionyescuela.es\/2023\/wp-json\/wp\/v2\/posts\/10746\/revisions\/10748"}],"wp:featuredmedia":[{"embeddable":true,"href":"https:\/\/www.comunicacionyescuela.es\/2023\/wp-json\/wp\/v2\/media\/10747"}],"wp:attachment":[{"href":"https:\/\/www.comunicacionyescuela.es\/2023\/wp-json\/wp\/v2\/media?parent=10746"}],"wp:term":[{"taxonomy":"category","embeddable":true,"href":"https:\/\/www.comunicacionyescuela.es\/2023\/wp-json\/wp\/v2\/categories?post=10746"},{"taxonomy":"post_tag","embeddable":true,"href":"https:\/\/www.comunicacionyescuela.es\/2023\/wp-json\/wp\/v2\/tags?post=10746"}],"curies":[{"name":"wp","href":"https:\/\/api.w.org\/{rel}","templated":true}]}}