{"id":10304,"date":"2023-10-05T19:54:04","date_gmt":"2023-10-05T17:54:04","guid":{"rendered":"https:\/\/www.comunicacionyescuela.es\/2023\/?p=10304"},"modified":"2023-10-05T19:54:04","modified_gmt":"2023-10-05T17:54:04","slug":"estudiantes-en-la-sede-del-ctic-ruraltech-un-modelo-de-innovacion-rural","status":"publish","type":"post","link":"https:\/\/www.comunicacionyescuela.es\/2023\/actualidad-del-foro\/estudiantes-en-la-sede-del-ctic-ruraltech-un-modelo-de-innovacion-rural\/","title":{"rendered":"Estudiantes en la sede del CTIC RuralTech, un modelo de innovaci\u00f3n rural"},"content":{"rendered":"<p>Quince alumnos\/as de 1\u00ba de Bachillerato del IES Elisa y Luis Villamil, que cursan la asignatura de Econom\u00eda, visitaron el CTIC RuralTech ubicado en el concejo de Villaviciosa, un centro de<br \/>\nreferencia en innovaci\u00f3n en el medio rural.<br \/>\nDurante su estancia en la localidad de P\u00e9on, sede del CTIC RuralTech, los estudiantes pudieron conocer el demostrador del centro, as\u00ed como acercarse a experimentos de diverso desarrollo<br \/>\ntecnol\u00f3gico para el medio rural realizados con tecnolog\u00eda de \u00faltima generaci\u00f3n.<\/p>\n","protected":false},"excerpt":{"rendered":"<p>Quince alumnos\/as de 1\u00ba de Bachillerato del IES Elisa y Luis Villamil, que cursan la asignatura de Econom\u00eda, visitaron el CTIC RuralTech ubicado en el concejo de Villaviciosa, un centro &#8230; <a title=\"Estudiantes en la sede del CTIC RuralTech, un modelo de innovaci\u00f3n rural\" class=\"read-more\" href=\"https:\/\/www.comunicacionyescuela.es\/2023\/actualidad-del-foro\/estudiantes-en-la-sede-del-ctic-ruraltech-un-modelo-de-innovacion-rural\/\" aria-label=\"Leer m\u00e1s sobre Estudiantes en la sede del CTIC RuralTech, un modelo de innovaci\u00f3n rural\">Leer m\u00e1s<\/a><\/p>\n","protected":false},"author":2,"featured_media":10305,"comment_status":"open","ping_status":"open","sticky":false,"template":"","format":"standard","meta":{"ngg_post_thumbnail":0,"footnotes":""},"categories":[1],"tags":[],"class_list":["post-10304","post","type-post","status-publish","format-standard","has-post-thumbnail","hentry","category-actualidad-del-foro"],"_links":{"self":[{"href":"https:\/\/www.comunicacionyescuela.es\/2023\/wp-json\/wp\/v2\/posts\/10304","targetHints":{"allow":["GET"]}}],"collection":[{"href":"https:\/\/www.comunicacionyescuela.es\/2023\/wp-json\/wp\/v2\/posts"}],"about":[{"href":"https:\/\/www.comunicacionyescuela.es\/2023\/wp-json\/wp\/v2\/types\/post"}],"author":[{"embeddable":true,"href":"https:\/\/www.comunicacionyescuela.es\/2023\/wp-json\/wp\/v2\/users\/2"}],"replies":[{"embeddable":true,"href":"https:\/\/www.comunicacionyescuela.es\/2023\/wp-json\/wp\/v2\/comments?post=10304"}],"version-history":[{"count":1,"href":"https:\/\/www.comunicacionyescuela.es\/2023\/wp-json\/wp\/v2\/posts\/10304\/revisions"}],"predecessor-version":[{"id":10306,"href":"https:\/\/www.comunicacionyescuela.es\/2023\/wp-json\/wp\/v2\/posts\/10304\/revisions\/10306"}],"wp:featuredmedia":[{"embeddable":true,"href":"https:\/\/www.comunicacionyescuela.es\/2023\/wp-json\/wp\/v2\/media\/10305"}],"wp:attachment":[{"href":"https:\/\/www.comunicacionyescuela.es\/2023\/wp-json\/wp\/v2\/media?parent=10304"}],"wp:term":[{"taxonomy":"category","embeddable":true,"href":"https:\/\/www.comunicacionyescuela.es\/2023\/wp-json\/wp\/v2\/categories?post=10304"},{"taxonomy":"post_tag","embeddable":true,"href":"https:\/\/www.comunicacionyescuela.es\/2023\/wp-json\/wp\/v2\/tags?post=10304"}],"curies":[{"name":"wp","href":"https:\/\/api.w.org\/{rel}","templated":true}]}}