{"id":572,"date":"2021-04-12T08:53:57","date_gmt":"2021-04-12T06:53:57","guid":{"rendered":"https:\/\/comunicacionyescuela.es\/2021\/?p=572"},"modified":"2021-11-23T20:16:37","modified_gmt":"2021-11-23T19:16:37","slug":"la-nueva-espana","status":"publish","type":"post","link":"https:\/\/www.comunicacionyescuela.es\/2021\/noticias-en-prensa\/la-nueva-espana\/","title":{"rendered":"La Nueva Espa\u00f1a"},"content":{"rendered":"<p>&nbsp;<\/p>\n<p><a href=\"https:\/\/www.lne.es\/occidente\/2021\/11\/18\/poni-cuento-59654470.html\" target=\"_blank\" rel=\"noopener\">Un poni con mucho cuento en Castropol<\/a><\/p>\n<p><a href=\"https:\/\/www.lne.es\/occidente\/2021\/11\/20\/rodriguez-apela-incidir-formacion-jovenes-59742459.html\" target=\"_blank\" rel=\"noopener\">Rodr\u00edguez apela a incidir en la formaci\u00f3n de los j\u00f3venes, la clave de \u201cnuestro futuro\u201d<\/a><\/p>\n<p><a href=\"https:\/\/www.lne.es\/occidente\/2021\/11\/18\/pandemia-doblegada-relajarnos-alerta-lopez-59654471.html\" target=\"_blank\" rel=\"noopener\">\u201cLa pandemia a\u00fan no est\u00e1 doblegada, no podemos relajarnos\u201d, alerta L\u00f3pez Acu\u00f1a<\/a><\/p>\n<p><a href=\"https:\/\/www.lne.es\/occidente\/2021\/11\/05\/expertos-legado-miguel-delibes-destacan-59184746.html\" target=\"_blank\" rel=\"noopener\">Expertos en el legado de Miguel Delibes destacan lo \u201cviva que sigue su obra\u201d<\/a><\/p>\n<p><a href=\"https:\/\/www.lne.es\/occidente\/2021\/10\/28\/ensenar-maniobras-basicas-reanimacion-asignatura-58895016.html\" target=\"_blank\" rel=\"noopener\">Ense\u00f1ar las maniobras b\u00e1sicas de reanimaci\u00f3n, una asignatura pendiente<\/a><\/p>\n<p><a href=\"https:\/\/www.lne.es\/occidente\/2021\/10\/20\/vegadeo-ensena-corazon-punto-58571296.html\" target=\"_blank\" rel=\"noopener\">Vegadeo ense\u00f1a c\u00f3mo tener el coraz\u00f3n a punto<\/a><\/p>\n<p><a href=\"https:\/\/www.lne.es\/occidente\/2021\/10\/15\/personas-ganas-son-acaban-triunfando-58380096.html\" target=\"_blank\" rel=\"noopener\">\u201cPersonas con ganas son las que acaban triunfando\u201d, dice la ejecutiva Roc\u00edo Escondrillas<\/a><\/p>\n<p><a href=\"https:\/\/www.lne.es\/occidente\/2021\/10\/08\/buscaremos-o-solucion-dice-barbon-58141806.html\" target=\"_blank\" rel=\"noopener\">\u201cBuscaremos s\u00ed o s\u00ed una soluci\u00f3n\u201d, dice Barb\u00f3n sobre el transporte para estudiar<\/a><\/p>\n<p><a href=\"https:\/\/www.lne.es\/occidente\/2021\/10\/06\/irene-cano-anima-bachilleres-vegadeo-58060685.html\" target=\"_blank\" rel=\"noopener\">Irene Cano anima a los bachilleres de Vegadeo a formarse continuamente<\/a><\/p>\n<p><a href=\"https:\/\/www.lne.es\/occidente\/2021\/10\/01\/fundacion-margarita-salas-tendra-especial-57886157.html\" target=\"_blank\" rel=\"noopener\">La Fundaci\u00f3n Margarita Salas tendr\u00e1 \u201cespecial inter\u00e9s\u201d por los colegios rurales<\/a><\/p>\n<p><a href=\"https:\/\/www.lne.es\/occidente\/2021\/06\/23\/carmen-molejon-anima-alumnos-rebeldes-54174088.html\">Carmen Molej\u00f3n anima a los alumnos a \u201cser rebeldes para alcanzar los sue\u00f1os\u201d<\/a><\/p>\n<p><a href=\"https:\/\/www.lne.es\/occidente\/2021\/06\/22\/eolico-dicen-edp-54036510.html\">\u201cCuando se hace un e\u00f3lico es porque se puede\u201d, dicen en EDP<\/a><\/p>\n<p><a href=\"https:\/\/www.lne.es\/occidente\/2021\/06\/03\/futbolista-juan-mata-anima-escolares-52557095.html#:~:text=El%20futbolista%20con%20ra%C3%ADces%20asturianas,la%20curiosidad%20y%20practicar%20depor\">El futbolista Juan Mata anima a los escolares de Vegadeo a formarse y tener curiosidad<\/a><\/p>\n<p><a href=\"https:\/\/www.lne.es\/occidente\/2021\/05\/29\/jovenes-zona-oscos-eo-ponen-52382614.html\">Los j\u00f3venes de la zona de Oscos-Eo ponen voz a las inquietudes de la comarca<\/a><\/p>\n<p><a href=\"https:\/\/www.lne.es\/occidente\/2021\/05\/22\/digitalizacion-lucha-despoblacion-prioridades-europa-52126565.html\">La digitalizaci\u00f3n y la lucha contra la despoblaci\u00f3n, prioridades para Europa<\/a><\/p>\n<p><a href=\"https:\/\/www.lne.es\/occidente\/2021\/05\/11\/maria-luisa-muga-decide-bruselas-51663293.html\">Mar\u00eda Luisa Muga: \u201cLo que se decide en Bruselas concierne a nuestra vida cotidiana\u201d<\/a><\/p>\n<p><a href=\"https:\/\/www.lne.es\/occidente\/2021\/05\/05\/tres-mujeres-militares-llevan-experiencia-51318366.html\">Tres mujeres militares llevan su experiencia profesional a los alumnos del IES de Vegadeo<\/a><\/p>\n<p><a href=\"https:\/\/www.lne.es\/occidente\/2021\/04\/27\/jovenes-quieren-lenguaje-agil-dice-49797676.html\">\u201cLos j\u00f3venes quieren un lenguaje \u00e1gil\u201d, dice la escritora catalana Maite Carranza en el Instituto de Vegadeo<\/a><\/p>\n<p><a href=\"https:\/\/www.lne.es\/occidente\/2021\/04\/22\/escuela-sube-red-vegadeo-48556353.html\">La escuela se sube a la red en Vegadeo<\/a><\/p>\n<p><a href=\"https:\/\/www.lne.es\/occidente\/2021\/04\/17\/hay-inmunizarse-miedo-control-exhaustivo-48431388.html\">\u201cHay que inmunizarse sin miedo, el control es exhaustivo\u201d, asegura Rosa Men\u00e9ndez (CSIC)<\/a><\/p>\n<p><a href=\"https:\/\/www.lne.es\/occidente\/2021\/04\/16\/nando-lopez-reflexiona-necesidad-poner-48406343.html\">Nando L\u00f3pez reflexiona sobre la necesidad de poner freno a la violencia<\/a><\/p>\n<p><a href=\"https:\/\/www.lne.es\/occidente\/2021\/04\/13\/foro-comunicacion-escuela-centra-ciencia-46693772.html\">El Foro Comunicaci\u00f3n y Escuela se centra en la ciencia en su primera actividad telem\u00e1tica<\/a><\/p>\n<p><a href=\"https:\/\/www.lne.es\/occidente\/2021\/04\/12\/consejero-ciencia-inaugura-foro-comunicacion-46430922.html\">El consejero de Ciencia inaugura el Foro Comunicaci\u00f3n y Escuela<\/a><\/p>\n<p><a href=\"https:\/\/www.lne.es\/occidente\/2021\/02\/02\/foro-comunicacion-escuela-vegadeo-celebrara-33517849.html\">El Foro Comunicaci\u00f3n y Escuela de Vegadeo se celebrar\u00e1 online en su decimotercera edici\u00f3n&nbsp;<\/a><\/p>\n<p><a href=\"https:\/\/www.lne.es\/occidente\/2021\/04\/09\/vegadeo-13-o-foro-comunicacion-46191545.html\">Vegadeo, ante su 13.\u00ba Foro Comunicaci\u00f3n y Escuela: ser\u00e1 virtual y con acento feminista<\/a><\/p>\n<p>&nbsp;<\/p>\n","protected":false},"excerpt":{"rendered":"<p>&nbsp; Un poni con mucho cuento en Castropol Rodr\u00edguez apela a incidir en la formaci\u00f3n de los j\u00f3venes, la clave de \u201cnuestro futuro\u201d \u201cLa pandemia a\u00fan no est\u00e1 doblegada, no &#8230; <a title=\"La Nueva Espa\u00f1a\" class=\"read-more\" href=\"https:\/\/www.comunicacionyescuela.es\/2021\/noticias-en-prensa\/la-nueva-espana\/\" aria-label=\"Leer m\u00e1s sobre La Nueva Espa\u00f1a\">Leer m\u00e1s<\/a><\/p>\n","protected":false},"author":3,"featured_media":0,"comment_status":"open","ping_status":"open","sticky":false,"template":"","format":"standard","meta":{"ngg_post_thumbnail":0,"footnotes":""},"categories":[14],"tags":[],"_links":{"self":[{"href":"https:\/\/www.comunicacionyescuela.es\/2021\/wp-json\/wp\/v2\/posts\/572"}],"collection":[{"href":"https:\/\/www.comunicacionyescuela.es\/2021\/wp-json\/wp\/v2\/posts"}],"about":[{"href":"https:\/\/www.comunicacionyescuela.es\/2021\/wp-json\/wp\/v2\/types\/post"}],"author":[{"embeddable":true,"href":"https:\/\/www.comunicacionyescuela.es\/2021\/wp-json\/wp\/v2\/users\/3"}],"replies":[{"embeddable":true,"href":"https:\/\/www.comunicacionyescuela.es\/2021\/wp-json\/wp\/v2\/comments?post=572"}],"version-history":[{"count":27,"href":"https:\/\/www.comunicacionyescuela.es\/2021\/wp-json\/wp\/v2\/posts\/572\/revisions"}],"predecessor-version":[{"id":2487,"href":"https:\/\/www.comunicacionyescuela.es\/2021\/wp-json\/wp\/v2\/posts\/572\/revisions\/2487"}],"wp:attachment":[{"href":"https:\/\/www.comunicacionyescuela.es\/2021\/wp-json\/wp\/v2\/media?parent=572"}],"wp:term":[{"taxonomy":"category","embeddable":true,"href":"https:\/\/www.comunicacionyescuela.es\/2021\/wp-json\/wp\/v2\/categories?post=572"},{"taxonomy":"post_tag","embeddable":true,"href":"https:\/\/www.comunicacionyescuela.es\/2021\/wp-json\/wp\/v2\/tags?post=572"}],"curies":[{"name":"wp","href":"https:\/\/api.w.org\/{rel}","templated":true}]}}