{"id":527,"date":"2021-04-08T19:42:06","date_gmt":"2021-04-08T17:42:06","guid":{"rendered":"https:\/\/comunicacionyescuela.es\/2021\/?p=527"},"modified":"2021-04-09T17:04:43","modified_gmt":"2021-04-09T15:04:43","slug":"jornada-inaugural-del-foro","status":"publish","type":"post","link":"https:\/\/www.comunicacionyescuela.es\/2021\/actualidad-del-foro\/jornada-inaugural-del-foro\/","title":{"rendered":"Jornada inaugural del Foro"},"content":{"rendered":"<p>El consejero de Ciencia, Innovaci\u00f3n y Universidad del Gobierno de Asturias, Borja S\u00e1nchez Garc\u00eda, impartir\u00e1 la conferencia inaugural de este XIII Foro Comunicaci\u00f3n y Escuela que lleva por t\u00edtulo \u201cDiez ejemplos de c\u00f3mo la ciencia nos ha cambiado la vida\u201d. Se dirige los alumnos de 2\u00ba de Educaci\u00f3n Secundaria.<\/p>\n<p>Esta conferencia ser\u00e1 emitida en directo a trav\u00e9s de nuestra p\u00e1gina web: <a href=\"http:\/\/www.comuniciacionyescuela.es\/\">www.comuniciacionyescuela.es<\/a> y a trav\u00e9s de nuestros perfiles de Instagram y Facebook. Ser\u00e1 a las 10 de la ma\u00f1ana del lunes 12 de abril.<\/p>\n","protected":false},"excerpt":{"rendered":"<p>El consejero de Ciencia, Innovaci\u00f3n y Universidad del Gobierno de Asturias, Borja S\u00e1nchez Garc\u00eda, impartir\u00e1 la conferencia inaugural de este XIII Foro Comunicaci\u00f3n y Escuela que lleva por t\u00edtulo \u201cDiez &#8230; <a title=\"Jornada inaugural del Foro\" class=\"read-more\" href=\"https:\/\/www.comunicacionyescuela.es\/2021\/actualidad-del-foro\/jornada-inaugural-del-foro\/\" aria-label=\"Leer m\u00e1s sobre Jornada inaugural del Foro\">Leer m\u00e1s<\/a><\/p>\n","protected":false},"author":3,"featured_media":528,"comment_status":"open","ping_status":"open","sticky":false,"template":"","format":"standard","meta":{"ngg_post_thumbnail":0,"footnotes":""},"categories":[1],"tags":[],"_links":{"self":[{"href":"https:\/\/www.comunicacionyescuela.es\/2021\/wp-json\/wp\/v2\/posts\/527"}],"collection":[{"href":"https:\/\/www.comunicacionyescuela.es\/2021\/wp-json\/wp\/v2\/posts"}],"about":[{"href":"https:\/\/www.comunicacionyescuela.es\/2021\/wp-json\/wp\/v2\/types\/post"}],"author":[{"embeddable":true,"href":"https:\/\/www.comunicacionyescuela.es\/2021\/wp-json\/wp\/v2\/users\/3"}],"replies":[{"embeddable":true,"href":"https:\/\/www.comunicacionyescuela.es\/2021\/wp-json\/wp\/v2\/comments?post=527"}],"version-history":[{"count":1,"href":"https:\/\/www.comunicacionyescuela.es\/2021\/wp-json\/wp\/v2\/posts\/527\/revisions"}],"predecessor-version":[{"id":529,"href":"https:\/\/www.comunicacionyescuela.es\/2021\/wp-json\/wp\/v2\/posts\/527\/revisions\/529"}],"wp:featuredmedia":[{"embeddable":true,"href":"https:\/\/www.comunicacionyescuela.es\/2021\/wp-json\/wp\/v2\/media\/528"}],"wp:attachment":[{"href":"https:\/\/www.comunicacionyescuela.es\/2021\/wp-json\/wp\/v2\/media?parent=527"}],"wp:term":[{"taxonomy":"category","embeddable":true,"href":"https:\/\/www.comunicacionyescuela.es\/2021\/wp-json\/wp\/v2\/categories?post=527"},{"taxonomy":"post_tag","embeddable":true,"href":"https:\/\/www.comunicacionyescuela.es\/2021\/wp-json\/wp\/v2\/tags?post=527"}],"curies":[{"name":"wp","href":"https:\/\/api.w.org\/{rel}","templated":true}]}}