{"id":2512,"date":"2021-11-23T20:39:28","date_gmt":"2021-11-23T19:39:28","guid":{"rendered":"https:\/\/comunicacionyescuela.es\/2021\/?p=2512"},"modified":"2021-11-23T20:39:57","modified_gmt":"2021-11-23T19:39:57","slug":"el-empresario-francisco-rodriguez-recibe-la-primera-insignia-de-oro-del-foro-comunicacion-y-escuela","status":"publish","type":"post","link":"https:\/\/www.comunicacionyescuela.es\/2021\/actualidad-del-foro\/el-empresario-francisco-rodriguez-recibe-la-primera-insignia-de-oro-del-foro-comunicacion-y-escuela\/","title":{"rendered":"El empresario Francisco Rodr\u00edguez recibe la primera insignia de oro del Foro Comunicaci\u00f3n y Escuela"},"content":{"rendered":"<p>El empresario fundador de Industrias L\u00e1cteas Asturianas-Reny Picot, Francisco Rodr\u00edguez, recibi\u00f3 un caluroso homenaje en el acto de clausura de este XIII Foro Comunicaci\u00f3n y Escuela<br \/>\nal recibir la primera insignia de oro del Foro, que le fue impuesta por su coordinador, Luis Felipe Fern\u00e1ndez.<\/p>\n<p>La empresa Reny Picot es el principal patrocinador del Foro Comunicaci\u00f3n y Escuela y gracias al compromiso de Francisco Rodr\u00edguez hizo posibles extraordinarias actividades como el viaje a Nueva Zelanda o el viaje a Ginebra y Estrasburgo para visitar el acelerador de part\u00edculas (CERN) o el Parlamento Europeo. Adem\u00e1s, Francisco Rodr\u00edguez es un asiduo a las actividades del proyecto habiendo participado en numerosas de ellas. Sin duda, un muy merecido reconocimiento.<\/p>\n","protected":false},"excerpt":{"rendered":"<p>El empresario fundador de Industrias L\u00e1cteas Asturianas-Reny Picot, Francisco Rodr\u00edguez, recibi\u00f3 un caluroso homenaje en el acto de clausura de este XIII Foro Comunicaci\u00f3n y Escuela al recibir la primera &#8230; <a title=\"El empresario Francisco Rodr\u00edguez recibe la primera insignia de oro del Foro Comunicaci\u00f3n y Escuela\" class=\"read-more\" href=\"https:\/\/www.comunicacionyescuela.es\/2021\/actualidad-del-foro\/el-empresario-francisco-rodriguez-recibe-la-primera-insignia-de-oro-del-foro-comunicacion-y-escuela\/\" aria-label=\"Leer m\u00e1s sobre El empresario Francisco Rodr\u00edguez recibe la primera insignia de oro del Foro Comunicaci\u00f3n y Escuela\">Leer m\u00e1s<\/a><\/p>\n","protected":false},"author":2,"featured_media":2513,"comment_status":"open","ping_status":"open","sticky":false,"template":"","format":"standard","meta":{"ngg_post_thumbnail":0,"footnotes":""},"categories":[1],"tags":[],"_links":{"self":[{"href":"https:\/\/www.comunicacionyescuela.es\/2021\/wp-json\/wp\/v2\/posts\/2512"}],"collection":[{"href":"https:\/\/www.comunicacionyescuela.es\/2021\/wp-json\/wp\/v2\/posts"}],"about":[{"href":"https:\/\/www.comunicacionyescuela.es\/2021\/wp-json\/wp\/v2\/types\/post"}],"author":[{"embeddable":true,"href":"https:\/\/www.comunicacionyescuela.es\/2021\/wp-json\/wp\/v2\/users\/2"}],"replies":[{"embeddable":true,"href":"https:\/\/www.comunicacionyescuela.es\/2021\/wp-json\/wp\/v2\/comments?post=2512"}],"version-history":[{"count":2,"href":"https:\/\/www.comunicacionyescuela.es\/2021\/wp-json\/wp\/v2\/posts\/2512\/revisions"}],"predecessor-version":[{"id":2515,"href":"https:\/\/www.comunicacionyescuela.es\/2021\/wp-json\/wp\/v2\/posts\/2512\/revisions\/2515"}],"wp:featuredmedia":[{"embeddable":true,"href":"https:\/\/www.comunicacionyescuela.es\/2021\/wp-json\/wp\/v2\/media\/2513"}],"wp:attachment":[{"href":"https:\/\/www.comunicacionyescuela.es\/2021\/wp-json\/wp\/v2\/media?parent=2512"}],"wp:term":[{"taxonomy":"category","embeddable":true,"href":"https:\/\/www.comunicacionyescuela.es\/2021\/wp-json\/wp\/v2\/categories?post=2512"},{"taxonomy":"post_tag","embeddable":true,"href":"https:\/\/www.comunicacionyescuela.es\/2021\/wp-json\/wp\/v2\/tags?post=2512"}],"curies":[{"name":"wp","href":"https:\/\/api.w.org\/{rel}","templated":true}]}}