{"id":2503,"date":"2021-11-23T20:31:46","date_gmt":"2021-11-23T19:31:46","guid":{"rendered":"https:\/\/comunicacionyescuela.es\/2021\/?p=2503"},"modified":"2021-11-23T20:31:46","modified_gmt":"2021-11-23T19:31:46","slug":"entrega-de-los-pupitres-de-honor-del-foro-comunicacion-y-escuela","status":"publish","type":"post","link":"https:\/\/www.comunicacionyescuela.es\/2021\/actualidad-del-foro\/entrega-de-los-pupitres-de-honor-del-foro-comunicacion-y-escuela\/","title":{"rendered":"Entrega de los Pupitres de Honor del Foro Comunicaci\u00f3n y Escuela"},"content":{"rendered":"<p>En esta edici\u00f3n fueron distinguidos con el Pupitre de Honor el presidente de la Junta General del Principado, Marcelino Marcos L\u00edndez; el consejero de Ciencia Innovaci\u00f3n y Universidad, Borja S\u00e1nchez; la directora de la Biblioteca Nacional de Espa\u00f1a, Ana Santos; la escritora Ana Alcolea; el comandante de Vueling, Julio Fern\u00e1ndez; el ex vicerrector de la Universidad de Oviedo, Francisco Borge; los programas Rompiendo Distancias Taramundi-San Tirso-Castropol y Oscos-Vegadeo, la Asociaci\u00f3n Cultural San Tirso del Eo, y los ex alcaldes de Vegadeo Juan Antol\u00edn Rato (que no estuvo presente en el acto por considerarse no merecedor de la distinci\u00f3n) y Bego\u00f1a Calleja, al igual que el ex alcalde de Castropol, Jos\u00e9 \u00c1ngel P\u00e9rez Garc\u00eda y el ex director del IES Elisa y Luis Villamil, Javier Santos.<\/p>\n","protected":false},"excerpt":{"rendered":"<p>En esta edici\u00f3n fueron distinguidos con el Pupitre de Honor el presidente de la Junta General del Principado, Marcelino Marcos L\u00edndez; el consejero de Ciencia Innovaci\u00f3n y Universidad, Borja S\u00e1nchez; &#8230; <a title=\"Entrega de los Pupitres de Honor del Foro Comunicaci\u00f3n y Escuela\" class=\"read-more\" href=\"https:\/\/www.comunicacionyescuela.es\/2021\/actualidad-del-foro\/entrega-de-los-pupitres-de-honor-del-foro-comunicacion-y-escuela\/\" aria-label=\"Leer m\u00e1s sobre Entrega de los Pupitres de Honor del Foro Comunicaci\u00f3n y Escuela\">Leer m\u00e1s<\/a><\/p>\n","protected":false},"author":2,"featured_media":2504,"comment_status":"open","ping_status":"open","sticky":false,"template":"","format":"standard","meta":{"ngg_post_thumbnail":0,"footnotes":""},"categories":[1],"tags":[],"_links":{"self":[{"href":"https:\/\/www.comunicacionyescuela.es\/2021\/wp-json\/wp\/v2\/posts\/2503"}],"collection":[{"href":"https:\/\/www.comunicacionyescuela.es\/2021\/wp-json\/wp\/v2\/posts"}],"about":[{"href":"https:\/\/www.comunicacionyescuela.es\/2021\/wp-json\/wp\/v2\/types\/post"}],"author":[{"embeddable":true,"href":"https:\/\/www.comunicacionyescuela.es\/2021\/wp-json\/wp\/v2\/users\/2"}],"replies":[{"embeddable":true,"href":"https:\/\/www.comunicacionyescuela.es\/2021\/wp-json\/wp\/v2\/comments?post=2503"}],"version-history":[{"count":1,"href":"https:\/\/www.comunicacionyescuela.es\/2021\/wp-json\/wp\/v2\/posts\/2503\/revisions"}],"predecessor-version":[{"id":2505,"href":"https:\/\/www.comunicacionyescuela.es\/2021\/wp-json\/wp\/v2\/posts\/2503\/revisions\/2505"}],"wp:featuredmedia":[{"embeddable":true,"href":"https:\/\/www.comunicacionyescuela.es\/2021\/wp-json\/wp\/v2\/media\/2504"}],"wp:attachment":[{"href":"https:\/\/www.comunicacionyescuela.es\/2021\/wp-json\/wp\/v2\/media?parent=2503"}],"wp:term":[{"taxonomy":"category","embeddable":true,"href":"https:\/\/www.comunicacionyescuela.es\/2021\/wp-json\/wp\/v2\/categories?post=2503"},{"taxonomy":"post_tag","embeddable":true,"href":"https:\/\/www.comunicacionyescuela.es\/2021\/wp-json\/wp\/v2\/tags?post=2503"}],"curies":[{"name":"wp","href":"https:\/\/api.w.org\/{rel}","templated":true}]}}