{"id":2500,"date":"2021-11-23T20:29:14","date_gmt":"2021-11-23T19:29:14","guid":{"rendered":"https:\/\/comunicacionyescuela.es\/2021\/?p=2500"},"modified":"2021-11-23T20:29:57","modified_gmt":"2021-11-23T19:29:57","slug":"entrega-de-las-placas-de-honor-del-foro-comunicacion-y-escuela","status":"publish","type":"post","link":"https:\/\/www.comunicacionyescuela.es\/2021\/actualidad-del-foro\/entrega-de-las-placas-de-honor-del-foro-comunicacion-y-escuela\/","title":{"rendered":"Entrega de las Placas de Honor del Foro Comunicaci\u00f3n y Escuela"},"content":{"rendered":"<p>En esta edici\u00f3n se entregaron Placas de Honor del Foro Comunicaci\u00f3n y Escuela a diversas personas que han destacado por su continuado apoyo al Foro en diferentes etapas, al igual que a aquellos que han contribuido de manera relevante a la edici\u00f3n online de este XIII Foro. Recibieron este homenaje el profesor Jos\u00e9 Antonio Reiriz, cuya placa fue recogida en su nombre por la jefa del Departamento de Lengua al hallarse ausente el homenajeado, Mart\u00edn Alonso Cuello, Javier Seijo Gal\u00e1n, Jos\u00e9 Manuel Rodr\u00edguez D\u00edaz, Jos\u00e9 Antonio Pasar\u00f3n Gonz\u00e1lez, Luis Manuel D\u00edaz Fueyo y Eva Mar\u00eda M\u00e9ndez D\u00edaz.<\/p>\n","protected":false},"excerpt":{"rendered":"<p>En esta edici\u00f3n se entregaron Placas de Honor del Foro Comunicaci\u00f3n y Escuela a diversas personas que han destacado por su continuado apoyo al Foro en diferentes etapas, al igual &#8230; <a title=\"Entrega de las Placas de Honor del Foro Comunicaci\u00f3n y Escuela\" class=\"read-more\" href=\"https:\/\/www.comunicacionyescuela.es\/2021\/actualidad-del-foro\/entrega-de-las-placas-de-honor-del-foro-comunicacion-y-escuela\/\" aria-label=\"Leer m\u00e1s sobre Entrega de las Placas de Honor del Foro Comunicaci\u00f3n y Escuela\">Leer m\u00e1s<\/a><\/p>\n","protected":false},"author":2,"featured_media":2501,"comment_status":"open","ping_status":"open","sticky":false,"template":"","format":"standard","meta":{"ngg_post_thumbnail":0,"footnotes":""},"categories":[1],"tags":[],"_links":{"self":[{"href":"https:\/\/www.comunicacionyescuela.es\/2021\/wp-json\/wp\/v2\/posts\/2500"}],"collection":[{"href":"https:\/\/www.comunicacionyescuela.es\/2021\/wp-json\/wp\/v2\/posts"}],"about":[{"href":"https:\/\/www.comunicacionyescuela.es\/2021\/wp-json\/wp\/v2\/types\/post"}],"author":[{"embeddable":true,"href":"https:\/\/www.comunicacionyescuela.es\/2021\/wp-json\/wp\/v2\/users\/2"}],"replies":[{"embeddable":true,"href":"https:\/\/www.comunicacionyescuela.es\/2021\/wp-json\/wp\/v2\/comments?post=2500"}],"version-history":[{"count":1,"href":"https:\/\/www.comunicacionyescuela.es\/2021\/wp-json\/wp\/v2\/posts\/2500\/revisions"}],"predecessor-version":[{"id":2502,"href":"https:\/\/www.comunicacionyescuela.es\/2021\/wp-json\/wp\/v2\/posts\/2500\/revisions\/2502"}],"wp:featuredmedia":[{"embeddable":true,"href":"https:\/\/www.comunicacionyescuela.es\/2021\/wp-json\/wp\/v2\/media\/2501"}],"wp:attachment":[{"href":"https:\/\/www.comunicacionyescuela.es\/2021\/wp-json\/wp\/v2\/media?parent=2500"}],"wp:term":[{"taxonomy":"category","embeddable":true,"href":"https:\/\/www.comunicacionyescuela.es\/2021\/wp-json\/wp\/v2\/categories?post=2500"},{"taxonomy":"post_tag","embeddable":true,"href":"https:\/\/www.comunicacionyescuela.es\/2021\/wp-json\/wp\/v2\/tags?post=2500"}],"curies":[{"name":"wp","href":"https:\/\/api.w.org\/{rel}","templated":true}]}}