{"id":2471,"date":"2021-11-18T10:38:55","date_gmt":"2021-11-18T09:38:55","guid":{"rendered":"https:\/\/comunicacionyescuela.es\/2021\/?p=2471"},"modified":"2021-11-18T10:39:59","modified_gmt":"2021-11-18T09:39:59","slug":"daniel-lopez-acuna-las-pandemias-estan-relacionadas-con-la-forma-de-vida-y-la-organizacion-social","status":"publish","type":"post","link":"https:\/\/www.comunicacionyescuela.es\/2021\/actualidad-del-foro\/daniel-lopez-acuna-las-pandemias-estan-relacionadas-con-la-forma-de-vida-y-la-organizacion-social\/","title":{"rendered":"Daniel L\u00f3pez Acu\u00f1a: \u201cLas pandemias est\u00e1n relacionadas con la forma de vida y la organizaci\u00f3n social\u201d"},"content":{"rendered":"<p>En la conferencia celebrada en el marco de este XIII Foro Comunicaci\u00f3n y Escuela, el epidemi\u00f3logo Daniel L\u00f3pez \u2013 Acu\u00f1a ha reflexionado sobre las consecuencias que suponen para la poblaci\u00f3n las epidemias y pandemias. Sobre la base de su larga experiencia en estas cuestiones, fundamentada tanto en su preparaci\u00f3n t\u00e9cnica como m\u00e9dico y epidemi\u00f3logo, as\u00ed como en su trabajo de treinta a\u00f1os en la Organizaci\u00f3n mundial de la Salud, L\u00f3pez \u2013 Acu\u00f1a ha se\u00f1alado la estrecha relaci\u00f3n que vincula las pandemias con las formas de vida y organizaci\u00f3n social, no solo por su posible origen como resultado de las condiciones medioambientales, sino tambi\u00e9n por su capacidad para condicionar formas de comportamiento social e incluso disponibilidad de derechos. A trav\u00e9s de una clara exposici\u00f3n sobre los principales elementos asociados a la aparici\u00f3n de las pandemias, ha centrado su reflexi\u00f3n en las consecuencias producidas en la poblaci\u00f3n por el Covid 19, promoviendo la reflexi\u00f3n colectiva e instando a la responsabilidad individual y a la acci\u00f3n global coordinada como las estrategias imprescindibles para mantener la relaci\u00f3n del ser humano con los virus en niveles civilizados de equilibrio y supervivencia.<\/p>\n<p>&nbsp;<\/p>\n<p>Puede accederse a la conferencia grabada en:<\/p>\n<p><a href=\"https:\/\/www.comunicacionyescuela.es\/2021\/\" target=\"_blank\" rel=\"noopener\"><img loading=\"lazy\" decoding=\"async\" class=\"alignnone wp-image-1906\" src=\"https:\/\/www.comunicacionyescuela.es\/2021\/wp-content\/uploads\/2021\/10\/global-150x150.png\" alt=\"\" width=\"30\" height=\"30\" srcset=\"https:\/\/www.comunicacionyescuela.es\/2021\/wp-content\/uploads\/2021\/10\/global-150x150.png 150w, https:\/\/www.comunicacionyescuela.es\/2021\/wp-content\/uploads\/2021\/10\/global-300x300.png 300w, https:\/\/www.comunicacionyescuela.es\/2021\/wp-content\/uploads\/2021\/10\/global.png 512w\" sizes=\"(max-width: 30px) 100vw, 30px\" \/><\/a>&nbsp; &nbsp; <a href=\"https:\/\/www.facebook.com\/Foro-Comunicacion-Y-Escuela-497771940284771\" target=\"_blank\" rel=\"noopener\"><img loading=\"lazy\" decoding=\"async\" class=\"alignnone wp-image-1907\" src=\"https:\/\/www.comunicacionyescuela.es\/2021\/wp-content\/uploads\/2021\/10\/facebook-300x300.png\" alt=\"\" width=\"30\" height=\"30\" srcset=\"https:\/\/www.comunicacionyescuela.es\/2021\/wp-content\/uploads\/2021\/10\/facebook-300x300.png 300w, https:\/\/www.comunicacionyescuela.es\/2021\/wp-content\/uploads\/2021\/10\/facebook-150x150.png 150w, https:\/\/www.comunicacionyescuela.es\/2021\/wp-content\/uploads\/2021\/10\/facebook.png 512w\" sizes=\"(max-width: 30px) 100vw, 30px\" \/><\/a>&nbsp; &nbsp; <a href=\"https:\/\/www.youtube.com\/channel\/UCAxtXbvXAtI8-kZyW1W1JgQ\" target=\"_blank\" rel=\"noopener\"><img loading=\"lazy\" decoding=\"async\" class=\"alignnone wp-image-1908\" src=\"https:\/\/www.comunicacionyescuela.es\/2021\/wp-content\/uploads\/2021\/10\/youtube-300x300.png\" alt=\"\" width=\"30\" height=\"30\" srcset=\"https:\/\/www.comunicacionyescuela.es\/2021\/wp-content\/uploads\/2021\/10\/youtube-300x300.png 300w, https:\/\/www.comunicacionyescuela.es\/2021\/wp-content\/uploads\/2021\/10\/youtube-150x150.png 150w, https:\/\/www.comunicacionyescuela.es\/2021\/wp-content\/uploads\/2021\/10\/youtube.png 512w\" sizes=\"(max-width: 30px) 100vw, 30px\" \/><\/a><\/p>\n","protected":false},"excerpt":{"rendered":"<p>En la conferencia celebrada en el marco de este XIII Foro Comunicaci\u00f3n y Escuela, el epidemi\u00f3logo Daniel L\u00f3pez \u2013 Acu\u00f1a ha reflexionado sobre las consecuencias que suponen para la poblaci\u00f3n &#8230; <a title=\"Daniel L\u00f3pez Acu\u00f1a: \u201cLas pandemias est\u00e1n relacionadas con la forma de vida y la organizaci\u00f3n social\u201d\" class=\"read-more\" href=\"https:\/\/www.comunicacionyescuela.es\/2021\/actualidad-del-foro\/daniel-lopez-acuna-las-pandemias-estan-relacionadas-con-la-forma-de-vida-y-la-organizacion-social\/\" aria-label=\"Leer m\u00e1s sobre Daniel L\u00f3pez Acu\u00f1a: \u201cLas pandemias est\u00e1n relacionadas con la forma de vida y la organizaci\u00f3n social\u201d\">Leer m\u00e1s<\/a><\/p>\n","protected":false},"author":2,"featured_media":2472,"comment_status":"open","ping_status":"open","sticky":false,"template":"","format":"standard","meta":{"ngg_post_thumbnail":0,"footnotes":""},"categories":[1],"tags":[],"_links":{"self":[{"href":"https:\/\/www.comunicacionyescuela.es\/2021\/wp-json\/wp\/v2\/posts\/2471"}],"collection":[{"href":"https:\/\/www.comunicacionyescuela.es\/2021\/wp-json\/wp\/v2\/posts"}],"about":[{"href":"https:\/\/www.comunicacionyescuela.es\/2021\/wp-json\/wp\/v2\/types\/post"}],"author":[{"embeddable":true,"href":"https:\/\/www.comunicacionyescuela.es\/2021\/wp-json\/wp\/v2\/users\/2"}],"replies":[{"embeddable":true,"href":"https:\/\/www.comunicacionyescuela.es\/2021\/wp-json\/wp\/v2\/comments?post=2471"}],"version-history":[{"count":1,"href":"https:\/\/www.comunicacionyescuela.es\/2021\/wp-json\/wp\/v2\/posts\/2471\/revisions"}],"predecessor-version":[{"id":2473,"href":"https:\/\/www.comunicacionyescuela.es\/2021\/wp-json\/wp\/v2\/posts\/2471\/revisions\/2473"}],"wp:featuredmedia":[{"embeddable":true,"href":"https:\/\/www.comunicacionyescuela.es\/2021\/wp-json\/wp\/v2\/media\/2472"}],"wp:attachment":[{"href":"https:\/\/www.comunicacionyescuela.es\/2021\/wp-json\/wp\/v2\/media?parent=2471"}],"wp:term":[{"taxonomy":"category","embeddable":true,"href":"https:\/\/www.comunicacionyescuela.es\/2021\/wp-json\/wp\/v2\/categories?post=2471"},{"taxonomy":"post_tag","embeddable":true,"href":"https:\/\/www.comunicacionyescuela.es\/2021\/wp-json\/wp\/v2\/tags?post=2471"}],"curies":[{"name":"wp","href":"https:\/\/api.w.org\/{rel}","templated":true}]}}