{"id":2291,"date":"2021-10-18T11:02:10","date_gmt":"2021-10-18T09:02:10","guid":{"rendered":"https:\/\/comunicacionyescuela.es\/2021\/?p=2291"},"modified":"2021-10-18T11:02:10","modified_gmt":"2021-10-18T09:02:10","slug":"conferencia-de-la-cardiologa-beatriz-diaz","status":"publish","type":"post","link":"https:\/\/www.comunicacionyescuela.es\/2021\/actualidad-del-foro\/conferencia-de-la-cardiologa-beatriz-diaz\/","title":{"rendered":"Conferencia de la cardi\u00f3loga Beatriz D\u00edaz"},"content":{"rendered":"<p>La m\u00e9dico cardi\u00f3loga del Hospital Central de Asturias, Beatriz Molina D\u00edaz, que es adem\u00e1s la secretaria de la Fundaci\u00f3n Espa\u00f1ola del Coraz\u00f3n impartir\u00e1 la conferencia dirigida a los alumnos de 3\u00ba y 4\u00ba de Educaci\u00f3n Secundaria que lleva por t\u00edtulo \u201cC\u00f3mo ayudar a que tu coraz\u00f3n viva m\u00e1s y mejor\u201d. Esta conferencia tendr\u00e1 lugar el pr\u00f3ximo d\u00eda 19 a las 12 de la ma\u00f1ana y tendr\u00e1 lugar en la modalidad online.<\/p>\n<p>&nbsp;<\/p>\n<p>Puede seguirse a trav\u00e9s de nuestra web y redes sociales:<\/p>\n<p><a href=\"https:\/\/www.comunicacionyescuela.es\/2021\/\" target=\"_blank\" rel=\"noopener\"><img loading=\"lazy\" decoding=\"async\" class=\"alignnone wp-image-1906\" src=\"https:\/\/www.comunicacionyescuela.es\/2021\/wp-content\/uploads\/2021\/10\/global-150x150.png\" alt=\"\" width=\"30\" height=\"30\" srcset=\"https:\/\/www.comunicacionyescuela.es\/2021\/wp-content\/uploads\/2021\/10\/global-150x150.png 150w, https:\/\/www.comunicacionyescuela.es\/2021\/wp-content\/uploads\/2021\/10\/global-300x300.png 300w, https:\/\/www.comunicacionyescuela.es\/2021\/wp-content\/uploads\/2021\/10\/global.png 512w\" sizes=\"(max-width: 30px) 100vw, 30px\" \/><\/a>&nbsp; &nbsp; <a href=\"https:\/\/www.facebook.com\/Foro-Comunicacion-Y-Escuela-497771940284771\" target=\"_blank\" rel=\"noopener\"><img loading=\"lazy\" decoding=\"async\" class=\"alignnone wp-image-1907\" src=\"https:\/\/www.comunicacionyescuela.es\/2021\/wp-content\/uploads\/2021\/10\/facebook-300x300.png\" alt=\"\" width=\"30\" height=\"30\" srcset=\"https:\/\/www.comunicacionyescuela.es\/2021\/wp-content\/uploads\/2021\/10\/facebook-300x300.png 300w, https:\/\/www.comunicacionyescuela.es\/2021\/wp-content\/uploads\/2021\/10\/facebook-150x150.png 150w, https:\/\/www.comunicacionyescuela.es\/2021\/wp-content\/uploads\/2021\/10\/facebook.png 512w\" sizes=\"(max-width: 30px) 100vw, 30px\" \/><\/a>&nbsp; &nbsp; <a href=\"https:\/\/www.youtube.com\/channel\/UCAxtXbvXAtI8-kZyW1W1JgQ\" target=\"_blank\" rel=\"noopener\"><img loading=\"lazy\" decoding=\"async\" class=\"alignnone wp-image-1908\" src=\"https:\/\/www.comunicacionyescuela.es\/2021\/wp-content\/uploads\/2021\/10\/youtube-300x300.png\" alt=\"\" width=\"30\" height=\"30\" srcset=\"https:\/\/www.comunicacionyescuela.es\/2021\/wp-content\/uploads\/2021\/10\/youtube-300x300.png 300w, https:\/\/www.comunicacionyescuela.es\/2021\/wp-content\/uploads\/2021\/10\/youtube-150x150.png 150w, https:\/\/www.comunicacionyescuela.es\/2021\/wp-content\/uploads\/2021\/10\/youtube.png 512w\" sizes=\"(max-width: 30px) 100vw, 30px\" \/><\/a><\/p>\n<p>Igualmente, ser\u00e1 posible acceder a la misma en diferido, bien en la p\u00e1gina web o bien en el canal YouTube.<\/p>\n","protected":false},"excerpt":{"rendered":"<p>La m\u00e9dico cardi\u00f3loga del Hospital Central de Asturias, Beatriz Molina D\u00edaz, que es adem\u00e1s la secretaria de la Fundaci\u00f3n Espa\u00f1ola del Coraz\u00f3n impartir\u00e1 la conferencia dirigida a los alumnos de &#8230; <a title=\"Conferencia de la cardi\u00f3loga Beatriz D\u00edaz\" class=\"read-more\" href=\"https:\/\/www.comunicacionyescuela.es\/2021\/actualidad-del-foro\/conferencia-de-la-cardiologa-beatriz-diaz\/\" aria-label=\"Leer m\u00e1s sobre Conferencia de la cardi\u00f3loga Beatriz D\u00edaz\">Leer m\u00e1s<\/a><\/p>\n","protected":false},"author":2,"featured_media":2293,"comment_status":"open","ping_status":"open","sticky":false,"template":"","format":"standard","meta":{"ngg_post_thumbnail":0,"footnotes":""},"categories":[1],"tags":[],"_links":{"self":[{"href":"https:\/\/www.comunicacionyescuela.es\/2021\/wp-json\/wp\/v2\/posts\/2291"}],"collection":[{"href":"https:\/\/www.comunicacionyescuela.es\/2021\/wp-json\/wp\/v2\/posts"}],"about":[{"href":"https:\/\/www.comunicacionyescuela.es\/2021\/wp-json\/wp\/v2\/types\/post"}],"author":[{"embeddable":true,"href":"https:\/\/www.comunicacionyescuela.es\/2021\/wp-json\/wp\/v2\/users\/2"}],"replies":[{"embeddable":true,"href":"https:\/\/www.comunicacionyescuela.es\/2021\/wp-json\/wp\/v2\/comments?post=2291"}],"version-history":[{"count":1,"href":"https:\/\/www.comunicacionyescuela.es\/2021\/wp-json\/wp\/v2\/posts\/2291\/revisions"}],"predecessor-version":[{"id":2294,"href":"https:\/\/www.comunicacionyescuela.es\/2021\/wp-json\/wp\/v2\/posts\/2291\/revisions\/2294"}],"wp:featuredmedia":[{"embeddable":true,"href":"https:\/\/www.comunicacionyescuela.es\/2021\/wp-json\/wp\/v2\/media\/2293"}],"wp:attachment":[{"href":"https:\/\/www.comunicacionyescuela.es\/2021\/wp-json\/wp\/v2\/media?parent=2291"}],"wp:term":[{"taxonomy":"category","embeddable":true,"href":"https:\/\/www.comunicacionyescuela.es\/2021\/wp-json\/wp\/v2\/categories?post=2291"},{"taxonomy":"post_tag","embeddable":true,"href":"https:\/\/www.comunicacionyescuela.es\/2021\/wp-json\/wp\/v2\/tags?post=2291"}],"curies":[{"name":"wp","href":"https:\/\/api.w.org\/{rel}","templated":true}]}}