{"id":2068,"date":"2021-10-06T12:52:19","date_gmt":"2021-10-06T10:52:19","guid":{"rendered":"https:\/\/comunicacionyescuela.es\/2021\/?p=2068"},"modified":"2021-10-06T12:54:46","modified_gmt":"2021-10-06T10:54:46","slug":"irene-cano-las-redes-sociales-son-relevantes-en-la-sociedad-de-hoy","status":"publish","type":"post","link":"https:\/\/www.comunicacionyescuela.es\/2021\/actualidad-del-foro\/irene-cano-las-redes-sociales-son-relevantes-en-la-sociedad-de-hoy\/","title":{"rendered":"Irene Cano: \u201cLas redes sociales son relevantes en la sociedad de hoy\u201d"},"content":{"rendered":"<p>Interesante encuentro el celebrado por la directora general de Facebook Iberia, Irene Cano, con los alumnos de 2\u00ba de Bachillerato. Durante su intervenci\u00f3n puso de manifiesto el enorme peso que las redes sociales tienen en la actualidad y su contribuci\u00f3n, entre otras, al desarrollo de la econom\u00eda. Irene Cano, contest\u00f3 a las numerosas preguntas formuladas por los alumnos y que se centraron tambi\u00e9n en su papel como mujer que ha logrado ocupar un destacado cargo y liderazgo en su empresa.<\/p>\n<p>Esta conferencia se enmarc\u00f3 en las Jornadas Mujer, Empresa y Liderazgo que incluidas en este XIII Foro Comunicaci\u00f3n y Escuela.<\/p>\n<p>&nbsp;<\/p>\n<p>Puede accederse a la conferencia grabada en:<\/p>\n<p><a href=\"https:\/\/www.comunicacionyescuela.es\/2021\/\" target=\"_blank\" rel=\"noopener\"><img loading=\"lazy\" decoding=\"async\" class=\"alignnone wp-image-1906\" src=\"https:\/\/www.comunicacionyescuela.es\/2021\/wp-content\/uploads\/2021\/10\/global-150x150.png\" alt=\"\" width=\"30\" height=\"30\" srcset=\"https:\/\/www.comunicacionyescuela.es\/2021\/wp-content\/uploads\/2021\/10\/global-150x150.png 150w, https:\/\/www.comunicacionyescuela.es\/2021\/wp-content\/uploads\/2021\/10\/global-300x300.png 300w, https:\/\/www.comunicacionyescuela.es\/2021\/wp-content\/uploads\/2021\/10\/global.png 512w\" sizes=\"(max-width: 30px) 100vw, 30px\" \/><\/a>&nbsp; &nbsp; <a href=\"https:\/\/www.facebook.com\/Foro-Comunicacion-Y-Escuela-497771940284771\" target=\"_blank\" rel=\"noopener\"><img loading=\"lazy\" decoding=\"async\" class=\"alignnone wp-image-1907\" src=\"https:\/\/www.comunicacionyescuela.es\/2021\/wp-content\/uploads\/2021\/10\/facebook-300x300.png\" alt=\"\" width=\"30\" height=\"30\" srcset=\"https:\/\/www.comunicacionyescuela.es\/2021\/wp-content\/uploads\/2021\/10\/facebook-300x300.png 300w, https:\/\/www.comunicacionyescuela.es\/2021\/wp-content\/uploads\/2021\/10\/facebook-150x150.png 150w, https:\/\/www.comunicacionyescuela.es\/2021\/wp-content\/uploads\/2021\/10\/facebook.png 512w\" sizes=\"(max-width: 30px) 100vw, 30px\" \/><\/a>&nbsp; &nbsp; <a href=\"https:\/\/www.youtube.com\/channel\/UCAxtXbvXAtI8-kZyW1W1JgQ\" target=\"_blank\" rel=\"noopener\"><img loading=\"lazy\" decoding=\"async\" class=\"alignnone wp-image-1908\" src=\"https:\/\/www.comunicacionyescuela.es\/2021\/wp-content\/uploads\/2021\/10\/youtube-300x300.png\" alt=\"\" width=\"30\" height=\"30\" srcset=\"https:\/\/www.comunicacionyescuela.es\/2021\/wp-content\/uploads\/2021\/10\/youtube-300x300.png 300w, https:\/\/www.comunicacionyescuela.es\/2021\/wp-content\/uploads\/2021\/10\/youtube-150x150.png 150w, https:\/\/www.comunicacionyescuela.es\/2021\/wp-content\/uploads\/2021\/10\/youtube.png 512w\" sizes=\"(max-width: 30px) 100vw, 30px\" \/><\/a><\/p>\n","protected":false},"excerpt":{"rendered":"<p>Interesante encuentro el celebrado por la directora general de Facebook Iberia, Irene Cano, con los alumnos de 2\u00ba de Bachillerato. Durante su intervenci\u00f3n puso de manifiesto el enorme peso que &#8230; <a title=\"Irene Cano: \u201cLas redes sociales son relevantes en la sociedad de hoy\u201d\" class=\"read-more\" href=\"https:\/\/www.comunicacionyescuela.es\/2021\/actualidad-del-foro\/irene-cano-las-redes-sociales-son-relevantes-en-la-sociedad-de-hoy\/\" aria-label=\"Leer m\u00e1s sobre Irene Cano: \u201cLas redes sociales son relevantes en la sociedad de hoy\u201d\">Leer m\u00e1s<\/a><\/p>\n","protected":false},"author":2,"featured_media":2071,"comment_status":"open","ping_status":"open","sticky":false,"template":"","format":"standard","meta":{"ngg_post_thumbnail":0,"footnotes":""},"categories":[1],"tags":[],"_links":{"self":[{"href":"https:\/\/www.comunicacionyescuela.es\/2021\/wp-json\/wp\/v2\/posts\/2068"}],"collection":[{"href":"https:\/\/www.comunicacionyescuela.es\/2021\/wp-json\/wp\/v2\/posts"}],"about":[{"href":"https:\/\/www.comunicacionyescuela.es\/2021\/wp-json\/wp\/v2\/types\/post"}],"author":[{"embeddable":true,"href":"https:\/\/www.comunicacionyescuela.es\/2021\/wp-json\/wp\/v2\/users\/2"}],"replies":[{"embeddable":true,"href":"https:\/\/www.comunicacionyescuela.es\/2021\/wp-json\/wp\/v2\/comments?post=2068"}],"version-history":[{"count":1,"href":"https:\/\/www.comunicacionyescuela.es\/2021\/wp-json\/wp\/v2\/posts\/2068\/revisions"}],"predecessor-version":[{"id":2070,"href":"https:\/\/www.comunicacionyescuela.es\/2021\/wp-json\/wp\/v2\/posts\/2068\/revisions\/2070"}],"wp:featuredmedia":[{"embeddable":true,"href":"https:\/\/www.comunicacionyescuela.es\/2021\/wp-json\/wp\/v2\/media\/2071"}],"wp:attachment":[{"href":"https:\/\/www.comunicacionyescuela.es\/2021\/wp-json\/wp\/v2\/media?parent=2068"}],"wp:term":[{"taxonomy":"category","embeddable":true,"href":"https:\/\/www.comunicacionyescuela.es\/2021\/wp-json\/wp\/v2\/categories?post=2068"},{"taxonomy":"post_tag","embeddable":true,"href":"https:\/\/www.comunicacionyescuela.es\/2021\/wp-json\/wp\/v2\/tags?post=2068"}],"curies":[{"name":"wp","href":"https:\/\/api.w.org\/{rel}","templated":true}]}}