{"id":1862,"date":"2021-09-28T18:43:27","date_gmt":"2021-09-28T16:43:27","guid":{"rendered":"https:\/\/comunicacionyescuela.es\/2021\/?p=1862"},"modified":"2021-09-29T13:57:39","modified_gmt":"2021-09-29T11:57:39","slug":"conferencia-sobre-margarita-salas","status":"publish","type":"post","link":"https:\/\/www.comunicacionyescuela.es\/2021\/actualidad-del-foro\/conferencia-sobre-margarita-salas\/","title":{"rendered":"Conferencia sobre Margarita Salas"},"content":{"rendered":"<p>Luc\u00eda Vi\u00f1uela Salas, hija de la insigne investigadora y cient\u00edfica, Margarita Salas, participar\u00e1 en este XIII Foro Comunicaci\u00f3n y Escuela impartiendo la conferencia. \u201cMargarita Salas, mujer y ciencia en el siglo XXI\u201d en la que nos acercar\u00e1 al perfil de una de las mujeres m\u00e1s relevantes de la ciencia tanto en Espa\u00f1a como internacionalmente.<\/p>\n<p>Cabe recordar que Margarita Salas estuvo muy vinculada al Foro Comunicaci\u00f3n y Escuela en el que particip\u00f3 en tres ocasiones. Adem\u00e1s, alumnos de Bachillerato del IES Elisa y Luis Villamil tuvieron la oportunidad de visitar en Madrid el Centro de Biolog\u00eda Molecular Severo Ochoa en el que desarrollaba su labor de investigaci\u00f3n y compartir con ella una inolvidable jornada en la que pudieron visitar incluso su laboratorio.<\/p>\n<p>Este acto ser\u00e1 emitido en directo a trav\u00e9s de internet el jueves, 30 de septiembre, a partir de las 12 horas. Puede seguirse en:<\/p>\n<p>Puede accederse a la conferencia grabada en:<\/p>\n<ul>\n<li>P\u00e1gina web del proyecto:&nbsp;<a href=\"https:\/\/www.comunicacionyescuela.es\/2021\/\">https:\/\/www.comunicacionyescuela.es\/2021\/<\/a><\/li>\n<li>Canal de YouTube al que es posible suscribirse:&nbsp;<a href=\"https:\/\/www.youtube.com\/channel\/UCAxtXbvXAtI8-kZyW1W1JgQ\">https:\/\/www.youtube.com\/channel\/UCAxtXbvXAtI8-kZyW1W1JgQ<\/a><\/li>\n<li>Cuenta de Facebook:&nbsp;<a href=\"https:\/\/www.youtube.com\/channel\/UCAxtXbvXAtI8-kZyW1W1JgQ\">https:\/\/www.youtube.com\/channel\/UCAxtXbvXAtI8-kZyW1W1JgQ<\/a><\/li>\n<\/ul>\n<p>&nbsp;<\/p>\n","protected":false},"excerpt":{"rendered":"<p>Luc\u00eda Vi\u00f1uela Salas, hija de la insigne investigadora y cient\u00edfica, Margarita Salas, participar\u00e1 en este XIII Foro Comunicaci\u00f3n y Escuela impartiendo la conferencia. \u201cMargarita Salas, mujer y ciencia en el &#8230; <a title=\"Conferencia sobre Margarita Salas\" class=\"read-more\" href=\"https:\/\/www.comunicacionyescuela.es\/2021\/actualidad-del-foro\/conferencia-sobre-margarita-salas\/\" aria-label=\"Leer m\u00e1s sobre Conferencia sobre Margarita Salas\">Leer m\u00e1s<\/a><\/p>\n","protected":false},"author":2,"featured_media":1863,"comment_status":"open","ping_status":"open","sticky":false,"template":"","format":"standard","meta":{"ngg_post_thumbnail":0,"footnotes":""},"categories":[1],"tags":[],"_links":{"self":[{"href":"https:\/\/www.comunicacionyescuela.es\/2021\/wp-json\/wp\/v2\/posts\/1862"}],"collection":[{"href":"https:\/\/www.comunicacionyescuela.es\/2021\/wp-json\/wp\/v2\/posts"}],"about":[{"href":"https:\/\/www.comunicacionyescuela.es\/2021\/wp-json\/wp\/v2\/types\/post"}],"author":[{"embeddable":true,"href":"https:\/\/www.comunicacionyescuela.es\/2021\/wp-json\/wp\/v2\/users\/2"}],"replies":[{"embeddable":true,"href":"https:\/\/www.comunicacionyescuela.es\/2021\/wp-json\/wp\/v2\/comments?post=1862"}],"version-history":[{"count":3,"href":"https:\/\/www.comunicacionyescuela.es\/2021\/wp-json\/wp\/v2\/posts\/1862\/revisions"}],"predecessor-version":[{"id":1873,"href":"https:\/\/www.comunicacionyescuela.es\/2021\/wp-json\/wp\/v2\/posts\/1862\/revisions\/1873"}],"wp:featuredmedia":[{"embeddable":true,"href":"https:\/\/www.comunicacionyescuela.es\/2021\/wp-json\/wp\/v2\/media\/1863"}],"wp:attachment":[{"href":"https:\/\/www.comunicacionyescuela.es\/2021\/wp-json\/wp\/v2\/media?parent=1862"}],"wp:term":[{"taxonomy":"category","embeddable":true,"href":"https:\/\/www.comunicacionyescuela.es\/2021\/wp-json\/wp\/v2\/categories?post=1862"},{"taxonomy":"post_tag","embeddable":true,"href":"https:\/\/www.comunicacionyescuela.es\/2021\/wp-json\/wp\/v2\/tags?post=1862"}],"curies":[{"name":"wp","href":"https:\/\/api.w.org\/{rel}","templated":true}]}}