{"id":1674,"date":"2021-06-21T22:46:56","date_gmt":"2021-06-21T20:46:56","guid":{"rendered":"https:\/\/comunicacionyescuela.es\/2021\/?p=1674"},"modified":"2021-06-21T22:46:56","modified_gmt":"2021-06-21T20:46:56","slug":"conferencia-de-la-ingeniera-carmen-molejon","status":"publish","type":"post","link":"https:\/\/www.comunicacionyescuela.es\/2021\/actualidad-del-foro\/conferencia-de-la-ingeniera-carmen-molejon\/","title":{"rendered":"Conferencia de la ingeniera Carmen Molej\u00f3n"},"content":{"rendered":"<p>La ingeniera de Caminos, Canales y Puertos y ex alumna del IES Elisa y Luis Villamil, Carmen Molej\u00f3n&nbsp; Quintana, impartir\u00e1 una conferencia en este XIII Foro Comunicaci\u00f3n y Escuela, Edici\u00f3n Online, que lleva por t\u00edtulo \u201cDesarrollo humano e ingenier\u00eda del agua\u201d. Esta actividad se dirige a los alumnos de 1\u00ba de Bachillerato del IES Elisa y Luis Villamil, y se enmarca en el proyecto: \u201cMujer y Sociedad en el siglo XXI. Mujeres que cambian el mundo\u201d.<\/p>\n<p>&nbsp;Ser\u00e1 emitida en directo a trav\u00e9s de internet. Puede seguirse en:<\/p>\n<ul>\n<li>P\u00e1gina web del proyecto:&nbsp;<a href=\"https:\/\/www.comunicacionyescuela.es\/2021\/\">https:\/\/www.comunicacionyescuela.es\/2021\/<\/a><\/li>\n<li>Canal de YouTube al que es posible suscribirse:&nbsp;<a href=\"https:\/\/www.youtube.com\/channel\/UCAxtXbvXAtI8-kZyW1W1JgQ\">https:\/\/www.youtube.com\/channel\/UCAxtXbvXAtI8-kZyW1W1JgQ<\/a><\/li>\n<li>Cuenta de Facebook:&nbsp;<a href=\"https:\/\/www.youtube.com\/channel\/UCAxtXbvXAtI8-kZyW1W1JgQ\">https:\/\/www.youtube.com\/channel\/UCAxtXbvXAtI8-kZyW1W1JgQ<\/a><\/li>\n<\/ul>\n<p>Igualmente, ser\u00e1 posible acceder a la misma en diferido, bien en la p\u00e1gina web o bien en el canal YouTube del Foro Comunicaci\u00f3n y Escuela.<\/p>\n","protected":false},"excerpt":{"rendered":"<p>La ingeniera de Caminos, Canales y Puertos y ex alumna del IES Elisa y Luis Villamil, Carmen Molej\u00f3n&nbsp; Quintana, impartir\u00e1 una conferencia en este XIII Foro Comunicaci\u00f3n y Escuela, Edici\u00f3n &#8230; <a title=\"Conferencia de la ingeniera Carmen Molej\u00f3n\" class=\"read-more\" href=\"https:\/\/www.comunicacionyescuela.es\/2021\/actualidad-del-foro\/conferencia-de-la-ingeniera-carmen-molejon\/\" aria-label=\"Leer m\u00e1s sobre Conferencia de la ingeniera Carmen Molej\u00f3n\">Leer m\u00e1s<\/a><\/p>\n","protected":false},"author":3,"featured_media":1675,"comment_status":"open","ping_status":"open","sticky":false,"template":"","format":"standard","meta":{"ngg_post_thumbnail":0,"footnotes":""},"categories":[1],"tags":[],"_links":{"self":[{"href":"https:\/\/www.comunicacionyescuela.es\/2021\/wp-json\/wp\/v2\/posts\/1674"}],"collection":[{"href":"https:\/\/www.comunicacionyescuela.es\/2021\/wp-json\/wp\/v2\/posts"}],"about":[{"href":"https:\/\/www.comunicacionyescuela.es\/2021\/wp-json\/wp\/v2\/types\/post"}],"author":[{"embeddable":true,"href":"https:\/\/www.comunicacionyescuela.es\/2021\/wp-json\/wp\/v2\/users\/3"}],"replies":[{"embeddable":true,"href":"https:\/\/www.comunicacionyescuela.es\/2021\/wp-json\/wp\/v2\/comments?post=1674"}],"version-history":[{"count":1,"href":"https:\/\/www.comunicacionyescuela.es\/2021\/wp-json\/wp\/v2\/posts\/1674\/revisions"}],"predecessor-version":[{"id":1676,"href":"https:\/\/www.comunicacionyescuela.es\/2021\/wp-json\/wp\/v2\/posts\/1674\/revisions\/1676"}],"wp:featuredmedia":[{"embeddable":true,"href":"https:\/\/www.comunicacionyescuela.es\/2021\/wp-json\/wp\/v2\/media\/1675"}],"wp:attachment":[{"href":"https:\/\/www.comunicacionyescuela.es\/2021\/wp-json\/wp\/v2\/media?parent=1674"}],"wp:term":[{"taxonomy":"category","embeddable":true,"href":"https:\/\/www.comunicacionyescuela.es\/2021\/wp-json\/wp\/v2\/categories?post=1674"},{"taxonomy":"post_tag","embeddable":true,"href":"https:\/\/www.comunicacionyescuela.es\/2021\/wp-json\/wp\/v2\/tags?post=1674"}],"curies":[{"name":"wp","href":"https:\/\/api.w.org\/{rel}","templated":true}]}}