{"id":1451,"date":"2021-05-30T21:12:43","date_gmt":"2021-05-30T19:12:43","guid":{"rendered":"https:\/\/comunicacionyescuela.es\/2021\/?p=1451"},"modified":"2021-05-30T21:12:43","modified_gmt":"2021-05-30T19:12:43","slug":"diego-arboleda","status":"publish","type":"post","link":"https:\/\/www.comunicacionyescuela.es\/2021\/actualidad-del-foro\/diego-arboleda\/","title":{"rendered":"Diego Arboleda"},"content":{"rendered":"<p>El escritor Diego Arboleda, autor del libro <em>Una historia animatogr\u00e1fica<\/em> (Ed. Anaya, 2017), particip\u00f3 en un encuentro literario con los alumnos de 5\u00ba y 6\u00ba de Educaci\u00f3n Primaria del Colegio La Paloma de Castropol, que previamente hab\u00edan le\u00eddo esta&nbsp; novela.<\/p>\n<p>En su intervenci\u00f3n el autor hizo un recorrido detallado sobre esta obra y contest\u00f3&nbsp; a las numerosas preguntas que le formularon los estudiantes, centradas fundamentalmente en el contenido de su obra, pero sin dejar al margen otras facetas de la labor de la escritura.<\/p>\n<p>Debido a problemas t\u00e9cnicos este acto del Foro Comunicaci\u00f3n y Escuela no pudo ser transmitido en directo a trav\u00e9s de internet como en principio estaba previsto.&nbsp;&nbsp;&nbsp;&nbsp;&nbsp;&nbsp;&nbsp;&nbsp;&nbsp;&nbsp;&nbsp;&nbsp;&nbsp;&nbsp;&nbsp;&nbsp;&nbsp;&nbsp;&nbsp;&nbsp;&nbsp;&nbsp;&nbsp;&nbsp;&nbsp;&nbsp;&nbsp;<\/p>\n","protected":false},"excerpt":{"rendered":"<p>El escritor Diego Arboleda, autor del libro Una historia animatogr\u00e1fica (Ed. Anaya, 2017), particip\u00f3 en un encuentro literario con los alumnos de 5\u00ba y 6\u00ba de Educaci\u00f3n Primaria del Colegio &#8230; <a title=\"Diego Arboleda\" class=\"read-more\" href=\"https:\/\/www.comunicacionyescuela.es\/2021\/actualidad-del-foro\/diego-arboleda\/\" aria-label=\"Leer m\u00e1s sobre Diego Arboleda\">Leer m\u00e1s<\/a><\/p>\n","protected":false},"author":3,"featured_media":1452,"comment_status":"open","ping_status":"open","sticky":false,"template":"","format":"standard","meta":{"ngg_post_thumbnail":0,"footnotes":""},"categories":[1],"tags":[],"_links":{"self":[{"href":"https:\/\/www.comunicacionyescuela.es\/2021\/wp-json\/wp\/v2\/posts\/1451"}],"collection":[{"href":"https:\/\/www.comunicacionyescuela.es\/2021\/wp-json\/wp\/v2\/posts"}],"about":[{"href":"https:\/\/www.comunicacionyescuela.es\/2021\/wp-json\/wp\/v2\/types\/post"}],"author":[{"embeddable":true,"href":"https:\/\/www.comunicacionyescuela.es\/2021\/wp-json\/wp\/v2\/users\/3"}],"replies":[{"embeddable":true,"href":"https:\/\/www.comunicacionyescuela.es\/2021\/wp-json\/wp\/v2\/comments?post=1451"}],"version-history":[{"count":1,"href":"https:\/\/www.comunicacionyescuela.es\/2021\/wp-json\/wp\/v2\/posts\/1451\/revisions"}],"predecessor-version":[{"id":1453,"href":"https:\/\/www.comunicacionyescuela.es\/2021\/wp-json\/wp\/v2\/posts\/1451\/revisions\/1453"}],"wp:featuredmedia":[{"embeddable":true,"href":"https:\/\/www.comunicacionyescuela.es\/2021\/wp-json\/wp\/v2\/media\/1452"}],"wp:attachment":[{"href":"https:\/\/www.comunicacionyescuela.es\/2021\/wp-json\/wp\/v2\/media?parent=1451"}],"wp:term":[{"taxonomy":"category","embeddable":true,"href":"https:\/\/www.comunicacionyescuela.es\/2021\/wp-json\/wp\/v2\/categories?post=1451"},{"taxonomy":"post_tag","embeddable":true,"href":"https:\/\/www.comunicacionyescuela.es\/2021\/wp-json\/wp\/v2\/tags?post=1451"}],"curies":[{"name":"wp","href":"https:\/\/api.w.org\/{rel}","templated":true}]}}