{"id":1440,"date":"2021-05-27T12:02:48","date_gmt":"2021-05-27T10:02:48","guid":{"rendered":"https:\/\/comunicacionyescuela.es\/2021\/?p=1440"},"modified":"2021-05-27T12:02:48","modified_gmt":"2021-05-27T10:02:48","slug":"conferencia-del-presidente-y-miembros-de-la-mesa-del-parlamento-de-asturias","status":"publish","type":"post","link":"https:\/\/www.comunicacionyescuela.es\/2021\/actualidad-del-foro\/conferencia-del-presidente-y-miembros-de-la-mesa-del-parlamento-de-asturias\/","title":{"rendered":"Conferencia del Presidente y Miembros de la Mesa del Parlamento de Asturias"},"content":{"rendered":"<p>El presidente de la Junta General del Principado de Asturias, Marcelino Marcos; la vicepresidenta 1\u00aa, Celia Fern\u00e1ndez; el vicepresidente 2\u00ba, Pablo \u00c1lvarez-Pires;&nbsp; el secretario primero, Ovidio Zapico; el secretario segundo, Armando Fern\u00e1ndez, y los vocales no adscritos, Rafael Palacios, Pedro Leal, y Sara Rouco participar\u00e1n en un coloquio con los alumnos de 3\u00ba de Educaci\u00f3n Secundaria Elisa y Luis Villamil en el marco de este XIII Foro Comunicaci\u00f3n y Escuela. Ser\u00e1 el viernes, 28 de mayo, a las 12 horas y ser\u00e1 retransmitido en directo a trav\u00e9s de la web de la Junta General del Principado, sin duda todo un reto y un paso m\u00e1s en los objetivos que busca esta edici\u00f3n online de 2021.<\/p>\n<p>Se podr\u00e1 seguir en directo, y posteriormente volver a verse grabada en:<\/p>\n<ul>\n<li>P\u00e1gina web del proyecto:&nbsp;<a href=\"https:\/\/www.comunicacionyescuela.es\/2021\/\">https:\/\/www.comunicacionyescuela.es\/2021\/<\/a><\/li>\n<li>Canal de YouTube al que es posible suscribirse:&nbsp;<a href=\"https:\/\/www.youtube.com\/channel\/UCAxtXbvXAtI8-kZyW1W1JgQ\">https:\/\/www.youtube.com\/channel\/UCAxtXbvXAtI8-kZyW1W1JgQ<\/a><\/li>\n<li>Cuenta de Facebook:&nbsp;<a href=\"https:\/\/www.youtube.com\/channel\/UCAxtXbvXAtI8-kZyW1W1JgQ\">https:\/\/www.youtube.com\/channel\/UCAxtXbvXAtI8-kZyW1W1JgQ<\/a><\/li>\n<\/ul>\n<p>&nbsp;<\/p>\n","protected":false},"excerpt":{"rendered":"<p>El presidente de la Junta General del Principado de Asturias, Marcelino Marcos; la vicepresidenta 1\u00aa, Celia Fern\u00e1ndez; el vicepresidente 2\u00ba, Pablo \u00c1lvarez-Pires;&nbsp; el secretario primero, Ovidio Zapico; el secretario segundo, &#8230; <a title=\"Conferencia del Presidente y Miembros de la Mesa del Parlamento de Asturias\" class=\"read-more\" href=\"https:\/\/www.comunicacionyescuela.es\/2021\/actualidad-del-foro\/conferencia-del-presidente-y-miembros-de-la-mesa-del-parlamento-de-asturias\/\" aria-label=\"Leer m\u00e1s sobre Conferencia del Presidente y Miembros de la Mesa del Parlamento de Asturias\">Leer m\u00e1s<\/a><\/p>\n","protected":false},"author":3,"featured_media":1441,"comment_status":"open","ping_status":"open","sticky":false,"template":"","format":"standard","meta":{"ngg_post_thumbnail":0,"footnotes":""},"categories":[1],"tags":[],"_links":{"self":[{"href":"https:\/\/www.comunicacionyescuela.es\/2021\/wp-json\/wp\/v2\/posts\/1440"}],"collection":[{"href":"https:\/\/www.comunicacionyescuela.es\/2021\/wp-json\/wp\/v2\/posts"}],"about":[{"href":"https:\/\/www.comunicacionyescuela.es\/2021\/wp-json\/wp\/v2\/types\/post"}],"author":[{"embeddable":true,"href":"https:\/\/www.comunicacionyescuela.es\/2021\/wp-json\/wp\/v2\/users\/3"}],"replies":[{"embeddable":true,"href":"https:\/\/www.comunicacionyescuela.es\/2021\/wp-json\/wp\/v2\/comments?post=1440"}],"version-history":[{"count":1,"href":"https:\/\/www.comunicacionyescuela.es\/2021\/wp-json\/wp\/v2\/posts\/1440\/revisions"}],"predecessor-version":[{"id":1442,"href":"https:\/\/www.comunicacionyescuela.es\/2021\/wp-json\/wp\/v2\/posts\/1440\/revisions\/1442"}],"wp:featuredmedia":[{"embeddable":true,"href":"https:\/\/www.comunicacionyescuela.es\/2021\/wp-json\/wp\/v2\/media\/1441"}],"wp:attachment":[{"href":"https:\/\/www.comunicacionyescuela.es\/2021\/wp-json\/wp\/v2\/media?parent=1440"}],"wp:term":[{"taxonomy":"category","embeddable":true,"href":"https:\/\/www.comunicacionyescuela.es\/2021\/wp-json\/wp\/v2\/categories?post=1440"},{"taxonomy":"post_tag","embeddable":true,"href":"https:\/\/www.comunicacionyescuela.es\/2021\/wp-json\/wp\/v2\/tags?post=1440"}],"curies":[{"name":"wp","href":"https:\/\/api.w.org\/{rel}","templated":true}]}}