{"id":1326,"date":"2021-05-20T07:58:54","date_gmt":"2021-05-20T05:58:54","guid":{"rendered":"https:\/\/comunicacionyescuela.es\/2021\/?p=1326"},"modified":"2021-05-20T07:58:54","modified_gmt":"2021-05-20T05:58:54","slug":"violeta-monreal-he-tenido-la-oportunidad-de-escribir-e-ilustrar-mas-de-cien-libros","status":"publish","type":"post","link":"https:\/\/www.comunicacionyescuela.es\/2021\/actualidad-del-foro\/violeta-monreal-he-tenido-la-oportunidad-de-escribir-e-ilustrar-mas-de-cien-libros\/","title":{"rendered":"Violeta Monreal: \u201cHe tenido la oportunidad de escribir e ilustrar m\u00e1s de cien libros\u201d"},"content":{"rendered":"<p>Los alumnos del Colegio Jovellanos de Vegadeo y los alumnos del CRA R\u00eda del Eo de Piant\u00f3n (Vegadeo) tuvieron la oportunidad de vivir una jornada literaria online con la escritora e ilustradora, Violeta Monreal que ha resultado de lo m\u00e1s original. La autora intervino en directo desde su estudio en Madrid con una innovadora y atractiva puesta en escena que enganch\u00f3 desde el principio a los escolares, los cuales hab\u00edan tenido la oportunidad de leer algunos de sus t\u00edtulos previamente en clase. Durante el acto, Violeta Monreal, fue desgranando con gran ingenio el contenido de esas obras, los personajes, y desvelando uno a uno todos sus entresijos. Paralelamente fue construyendo un dibujo que posteriormente envi\u00f3 a cada uno de los centros participantes.<\/p>\n<p>Este acto de Violeta Monreal uede volver a verse grabada en:<\/p>\n<ul>\n<li>P\u00e1gina web del proyecto:&nbsp;<a href=\"https:\/\/www.comunicacionyescuela.es\/2021\/\">https:\/\/www.comunicacionyescuela.es\/2021\/<\/a><\/li>\n<li>Canal de YouTube al que es posible suscribirse:&nbsp;<a href=\"https:\/\/www.youtube.com\/channel\/UCAxtXbvXAtI8-kZyW1W1JgQ\">https:\/\/www.youtube.com\/channel\/UCAxtXbvXAtI8-kZyW1W1JgQ<\/a><\/li>\n<li>Cuenta de Facebook:&nbsp;<a href=\"https:\/\/www.youtube.com\/channel\/UCAxtXbvXAtI8-kZyW1W1JgQ\">https:\/\/www.youtube.com\/channel\/UCAxtXbvXAtI8-kZyW1W1JgQ<\/a><\/li>\n<\/ul>\n","protected":false},"excerpt":{"rendered":"<p>Los alumnos del Colegio Jovellanos de Vegadeo y los alumnos del CRA R\u00eda del Eo de Piant\u00f3n (Vegadeo) tuvieron la oportunidad de vivir una jornada literaria online con la escritora &#8230; <a title=\"Violeta Monreal: \u201cHe tenido la oportunidad de escribir e ilustrar m\u00e1s de cien libros\u201d\" class=\"read-more\" href=\"https:\/\/www.comunicacionyescuela.es\/2021\/actualidad-del-foro\/violeta-monreal-he-tenido-la-oportunidad-de-escribir-e-ilustrar-mas-de-cien-libros\/\" aria-label=\"Leer m\u00e1s sobre Violeta Monreal: \u201cHe tenido la oportunidad de escribir e ilustrar m\u00e1s de cien libros\u201d\">Leer m\u00e1s<\/a><\/p>\n","protected":false},"author":3,"featured_media":1327,"comment_status":"open","ping_status":"open","sticky":false,"template":"","format":"standard","meta":{"ngg_post_thumbnail":0,"footnotes":""},"categories":[1],"tags":[],"_links":{"self":[{"href":"https:\/\/www.comunicacionyescuela.es\/2021\/wp-json\/wp\/v2\/posts\/1326"}],"collection":[{"href":"https:\/\/www.comunicacionyescuela.es\/2021\/wp-json\/wp\/v2\/posts"}],"about":[{"href":"https:\/\/www.comunicacionyescuela.es\/2021\/wp-json\/wp\/v2\/types\/post"}],"author":[{"embeddable":true,"href":"https:\/\/www.comunicacionyescuela.es\/2021\/wp-json\/wp\/v2\/users\/3"}],"replies":[{"embeddable":true,"href":"https:\/\/www.comunicacionyescuela.es\/2021\/wp-json\/wp\/v2\/comments?post=1326"}],"version-history":[{"count":1,"href":"https:\/\/www.comunicacionyescuela.es\/2021\/wp-json\/wp\/v2\/posts\/1326\/revisions"}],"predecessor-version":[{"id":1328,"href":"https:\/\/www.comunicacionyescuela.es\/2021\/wp-json\/wp\/v2\/posts\/1326\/revisions\/1328"}],"wp:featuredmedia":[{"embeddable":true,"href":"https:\/\/www.comunicacionyescuela.es\/2021\/wp-json\/wp\/v2\/media\/1327"}],"wp:attachment":[{"href":"https:\/\/www.comunicacionyescuela.es\/2021\/wp-json\/wp\/v2\/media?parent=1326"}],"wp:term":[{"taxonomy":"category","embeddable":true,"href":"https:\/\/www.comunicacionyescuela.es\/2021\/wp-json\/wp\/v2\/categories?post=1326"},{"taxonomy":"post_tag","embeddable":true,"href":"https:\/\/www.comunicacionyescuela.es\/2021\/wp-json\/wp\/v2\/tags?post=1326"}],"curies":[{"name":"wp","href":"https:\/\/api.w.org\/{rel}","templated":true}]}}