{"id":1221,"date":"2021-05-13T07:38:04","date_gmt":"2021-05-13T05:38:04","guid":{"rendered":"https:\/\/comunicacionyescuela.es\/2021\/?p=1221"},"modified":"2021-05-13T07:38:04","modified_gmt":"2021-05-13T05:38:04","slug":"rodil-lombardia-la-lectura-es-fuente-de-conocimiento-y-nos-hace-mas-libres","status":"publish","type":"post","link":"https:\/\/www.comunicacionyescuela.es\/2021\/actualidad-del-foro\/rodil-lombardia-la-lectura-es-fuente-de-conocimiento-y-nos-hace-mas-libres\/","title":{"rendered":"Rodil Lombard\u00eda: \u201cLa lectura es fuente de conocimiento y nos hace m\u00e1s libres\u201d"},"content":{"rendered":"<p>El periodista y escritor, Jos\u00e9 Francisco Rodil Lombard\u00eda, particip\u00f3 en un encuentro con autor con los alumnos de 1\u00ba de Bachillerato del IES Elisa y Luis Villamil que hab\u00edan le\u00eddo su novela <em>La noche de las luminarias<\/em> (Velasco Ediciones, 2018). Durante su coloquio con los estudiantes el autor habl\u00f3 sobre la II Rep\u00fablica, etapa en la que se ambienta la novela, al igual que dio todo tipo de explicaciones sobre los escenarios elegidos, los personajes o el proceso de documentaci\u00f3n.<\/p>\n<p>Puede volver a verse grabada en:<\/p>\n<ul>\n<li>P\u00e1gina web del proyecto:&nbsp;<a href=\"https:\/\/www.comunicacionyescuela.es\/2021\/\">https:\/\/www.comunicacionyescuela.es\/2021\/<\/a><\/li>\n<li>Canal de YouTube al que es posible suscribirse:&nbsp;<a href=\"https:\/\/www.youtube.com\/channel\/UCAxtXbvXAtI8-kZyW1W1JgQ\">https:\/\/www.youtube.com\/channel\/UCAxtXbvXAtI8-kZyW1W1JgQ<\/a><\/li>\n<li>Cuenta de Facebook:&nbsp;<a href=\"https:\/\/www.youtube.com\/channel\/UCAxtXbvXAtI8-kZyW1W1JgQ\">https:\/\/www.youtube.com\/channel\/UCAxtXbvXAtI8-kZyW1W1JgQ<\/a><\/li>\n<\/ul>\n","protected":false},"excerpt":{"rendered":"<p>El periodista y escritor, Jos\u00e9 Francisco Rodil Lombard\u00eda, particip\u00f3 en un encuentro con autor con los alumnos de 1\u00ba de Bachillerato del IES Elisa y Luis Villamil que hab\u00edan le\u00eddo &#8230; <a title=\"Rodil Lombard\u00eda: \u201cLa lectura es fuente de conocimiento y nos hace m\u00e1s libres\u201d\" class=\"read-more\" href=\"https:\/\/www.comunicacionyescuela.es\/2021\/actualidad-del-foro\/rodil-lombardia-la-lectura-es-fuente-de-conocimiento-y-nos-hace-mas-libres\/\" aria-label=\"Leer m\u00e1s sobre Rodil Lombard\u00eda: \u201cLa lectura es fuente de conocimiento y nos hace m\u00e1s libres\u201d\">Leer m\u00e1s<\/a><\/p>\n","protected":false},"author":3,"featured_media":1222,"comment_status":"open","ping_status":"open","sticky":false,"template":"","format":"standard","meta":{"ngg_post_thumbnail":0,"footnotes":""},"categories":[1],"tags":[],"_links":{"self":[{"href":"https:\/\/www.comunicacionyescuela.es\/2021\/wp-json\/wp\/v2\/posts\/1221"}],"collection":[{"href":"https:\/\/www.comunicacionyescuela.es\/2021\/wp-json\/wp\/v2\/posts"}],"about":[{"href":"https:\/\/www.comunicacionyescuela.es\/2021\/wp-json\/wp\/v2\/types\/post"}],"author":[{"embeddable":true,"href":"https:\/\/www.comunicacionyescuela.es\/2021\/wp-json\/wp\/v2\/users\/3"}],"replies":[{"embeddable":true,"href":"https:\/\/www.comunicacionyescuela.es\/2021\/wp-json\/wp\/v2\/comments?post=1221"}],"version-history":[{"count":2,"href":"https:\/\/www.comunicacionyescuela.es\/2021\/wp-json\/wp\/v2\/posts\/1221\/revisions"}],"predecessor-version":[{"id":1225,"href":"https:\/\/www.comunicacionyescuela.es\/2021\/wp-json\/wp\/v2\/posts\/1221\/revisions\/1225"}],"wp:featuredmedia":[{"embeddable":true,"href":"https:\/\/www.comunicacionyescuela.es\/2021\/wp-json\/wp\/v2\/media\/1222"}],"wp:attachment":[{"href":"https:\/\/www.comunicacionyescuela.es\/2021\/wp-json\/wp\/v2\/media?parent=1221"}],"wp:term":[{"taxonomy":"category","embeddable":true,"href":"https:\/\/www.comunicacionyescuela.es\/2021\/wp-json\/wp\/v2\/categories?post=1221"},{"taxonomy":"post_tag","embeddable":true,"href":"https:\/\/www.comunicacionyescuela.es\/2021\/wp-json\/wp\/v2\/tags?post=1221"}],"curies":[{"name":"wp","href":"https:\/\/api.w.org\/{rel}","templated":true}]}}