{"id":439,"global_id":"www.comunicacionyescuela.es\/2021?id=439","global_id_lineage":["www.comunicacionyescuela.es\/2021?id=439"],"author":"2","status":"publish","date":"2021-04-02 17:05:08","date_utc":"2021-04-02 15:05:08","modified":"2021-04-02 17:05:08","modified_utc":"2021-04-02 15:05:08","url":"https:\/\/www.comunicacionyescuela.es\/2021\/event\/conferencia-presente-y-futuro-del-medio-rural-en-asturias-2\/","rest_url":"https:\/\/www.comunicacionyescuela.es\/2021\/wp-json\/tribe\/events\/v1\/events\/439","title":"Conferencia: \u201cPresente y futuro del medio rural en Asturias\u201d","description":"<p>INTERVIENE:<br \/>\n<strong>D. Adri\u00e1n Barb\u00f3n Rodr\u00edguez<\/strong>. Presidente del Principado de<br \/>\nAsturias<br \/>\nMODERA:<br \/>\n<strong>D. Alberto Men\u00e9ndez<\/strong>. Periodista<br \/>\nPRESENTAN:<br \/>\n<strong>D\u00f1a. Manuela Busto Fidalgo<\/strong>. Biblioteca de Castropol<br \/>\n<strong>D. Luis Felipe Fern\u00e1ndez Garc\u00eda<\/strong>. Coordinador del Foro<br \/>\nComunicaci\u00f3n y Escuela.<br \/>\nCasa de Cultura de Castropol. 19,30 horas<br \/>\nDirigida al p\u00fablico en general<br \/>\nCOLABORA:<br \/>\nBiblioteca Men\u00e9ndez Pelayo. Castropol<br \/>\nNota: esta actividad se programa como presencial. En caso de que<br \/>\nno fuera posible la conferencia presencial por motivos sanitarios, se<br \/>\nllevar\u00eda a cabo en la modalidad online.<\/p>","excerpt":"","slug":"conferencia-presente-y-futuro-del-medio-rural-en-asturias-2","image":false,"all_day":false,"start_date":"2021-10-07 19:30:00","start_date_details":{"year":"2021","month":"10","day":"07","hour":"19","minutes":"30","seconds":"00"},"end_date":"2021-10-07 19:30:00","end_date_details":{"year":"2021","month":"10","day":"07","hour":"19","minutes":"30","seconds":"00"},"utc_start_date":"2021-10-07 17:30:00","utc_start_date_details":{"year":"2021","month":"10","day":"07","hour":"17","minutes":"30","seconds":"00"},"utc_end_date":"2021-10-07 17:30:00","utc_end_date_details":{"year":"2021","month":"10","day":"07","hour":"17","minutes":"30","seconds":"00"},"timezone":"Europe\/Madrid","timezone_abbr":"CEST","cost":"","cost_details":{"currency_symbol":"","currency_code":"","currency_position":"prefix","values":[]},"website":"","show_map":false,"show_map_link":false,"hide_from_listings":false,"sticky":false,"featured":false,"categories":[{"name":"Aula Aurelio Delgado Mart\u00edn","slug":"aula-aurelio-delgado-martin","term_group":0,"term_taxonomy_id":34,"taxonomy":"tribe_events_cat","description":"","parent":0,"count":1,"filter":"raw","id":34,"urls":{"self":"https:\/\/www.comunicacionyescuela.es\/2021\/wp-json\/tribe\/events\/v1\/categories\/34","collection":"https:\/\/www.comunicacionyescuela.es\/2021\/wp-json\/tribe\/events\/v1\/categories"}}],"tags":[],"venue":[],"organizer":[],"json_ld":{"@context":"http:\/\/schema.org","@type":"Event","name":"Conferencia: \u201cPresente y futuro del medio rural en Asturias\u201d","description":"&lt;p&gt;INTERVIENE: D. Adri\u00e1n Barb\u00f3n Rodr\u00edguez. Presidente del Principado de Asturias MODERA: D. Alberto Men\u00e9ndez. Periodista PRESENTAN: D\u00f1a. Manuela Busto Fidalgo. Biblioteca de Castropol D. Luis Felipe Fern\u00e1ndez Garc\u00eda. Coordinador del ... &lt;a title=&quot;Conferencia: \u201cPresente y futuro del medio rural en Asturias\u201d&quot; class=&quot;read-more&quot; href=&quot;https:\/\/www.comunicacionyescuela.es\/2021\/event\/conferencia-presente-y-futuro-del-medio-rural-en-asturias-2\/&quot; aria-label=&quot;Leer m\u00e1s sobre Conferencia: \u201cPresente y futuro del medio rural en Asturias\u201d&quot;&gt;Leer m\u00e1s&lt;\/a&gt;&lt;\/p&gt;\\n","url":"https:\/\/www.comunicacionyescuela.es\/2021\/event\/conferencia-presente-y-futuro-del-medio-rural-en-asturias-2\/","eventAttendanceMode":"https:\/\/schema.org\/OfflineEventAttendanceMode","eventStatus":"https:\/\/schema.org\/EventScheduled","startDate":"2021-10-07T19:30:00+02:00","endDate":"2021-10-07T19:30:00+02:00","performer":"Organization"}}