{"id":404,"global_id":"www.comunicacionyescuela.es\/2021?id=404","global_id_lineage":["www.comunicacionyescuela.es\/2021?id=404"],"author":"2","status":"publish","date":"2021-04-02 16:00:03","date_utc":"2021-04-02 14:00:03","modified":"2021-04-02 16:02:29","modified_utc":"2021-04-02 14:02:29","url":"https:\/\/www.comunicacionyescuela.es\/2021\/event\/mujer-y-deporte-2\/","rest_url":"https:\/\/www.comunicacionyescuela.es\/2021\/wp-json\/tribe\/events\/v1\/events\/404","title":"Mujer y deporte","description":"<p>INTERVIENE:<br \/>\n<strong>D\u00f1a. Andrea Mir\u00f3n Castro<\/strong>. Capitana de la selecci\u00f3n espa\u00f1ola de<br \/>\nf\u00fatbol playa femenino y campeona del mundo.<br \/>\n<strong>D\u00f1a. Laura Gallego Silvente<\/strong>. Jugadora de la selecci\u00f3n espa\u00f1ola<br \/>\nde f\u00fatbol playa y campeona del mundo. Jugadora de la selecci\u00f3n<br \/>\nespa\u00f1ola de f\u00fatbol playa y campeona del mundo.<br \/>\n<strong>D\u00f1a. Mar\u00eda Yenes<\/strong>. Jugadora y capitana del equipo de f\u00fatbol<br \/>\nfemenino del Real Sporting de Gij\u00f3n<br \/>\nPRESENTA:<br \/>\n<strong>D\u00f1a. Cristina Fern\u00e1ndez \u00c1lvarez<\/strong><br \/>\n<strong>D. Luis Felipe Fern\u00e1ndez Garc\u00eda<\/strong>. Coordinador del Foro<br \/>\nComunicaci\u00f3n y Escuela<br \/>\nConferencia online. 12 horas.<br \/>\nDirigida a los alumnos de 3\u00ba y 4\u00ba de Educaci\u00f3n Secundaria<br \/>\nPARTICIPA:<br \/>\nInstituto de Educaci\u00f3n Secundaria \u201cElisa y Luis Villamil\u201d. Vegadeo<\/p>","excerpt":"","slug":"mujer-y-deporte-2","image":false,"all_day":false,"start_date":"2021-10-07 12:00:00","start_date_details":{"year":"2021","month":"10","day":"07","hour":"12","minutes":"00","seconds":"00"},"end_date":"2021-10-07 12:00:00","end_date_details":{"year":"2021","month":"10","day":"07","hour":"12","minutes":"00","seconds":"00"},"utc_start_date":"2021-10-07 10:00:00","utc_start_date_details":{"year":"2021","month":"10","day":"07","hour":"10","minutes":"00","seconds":"00"},"utc_end_date":"2021-10-07 10:00:00","utc_end_date_details":{"year":"2021","month":"10","day":"07","hour":"10","minutes":"00","seconds":"00"},"timezone":"Europe\/Madrid","timezone_abbr":"CEST","cost":"","cost_details":{"currency_symbol":"","currency_code":"","currency_position":"prefix","values":[]},"website":"","show_map":false,"show_map_link":false,"hide_from_listings":false,"sticky":false,"featured":false,"categories":[{"name":"Una clase con...","slug":"una-clase-con","term_group":0,"term_taxonomy_id":23,"taxonomy":"tribe_events_cat","description":"","parent":24,"count":11,"filter":"raw","id":23,"urls":{"self":"https:\/\/www.comunicacionyescuela.es\/2021\/wp-json\/tribe\/events\/v1\/categories\/23","collection":"https:\/\/www.comunicacionyescuela.es\/2021\/wp-json\/tribe\/events\/v1\/categories","up":"https:\/\/www.comunicacionyescuela.es\/2021\/wp-json\/tribe\/events\/v1\/categories\/24"}}],"tags":[],"venue":[],"organizer":[],"json_ld":{"@context":"http:\/\/schema.org","@type":"Event","name":"Mujer y deporte","description":"&lt;p&gt;INTERVIENE: D\u00f1a. Andrea Mir\u00f3n Castro. Capitana de la selecci\u00f3n espa\u00f1ola de f\u00fatbol playa femenino y campeona del mundo. D\u00f1a. Laura Gallego Silvente. Jugadora de la selecci\u00f3n espa\u00f1ola de f\u00fatbol playa ... &lt;a title=&quot;Mujer y deporte&quot; class=&quot;read-more&quot; href=&quot;https:\/\/www.comunicacionyescuela.es\/2021\/event\/mujer-y-deporte-2\/&quot; aria-label=&quot;Leer m\u00e1s sobre Mujer y deporte&quot;&gt;Leer m\u00e1s&lt;\/a&gt;&lt;\/p&gt;\\n","url":"https:\/\/www.comunicacionyescuela.es\/2021\/event\/mujer-y-deporte-2\/","eventAttendanceMode":"https:\/\/schema.org\/OfflineEventAttendanceMode","eventStatus":"https:\/\/schema.org\/EventScheduled","startDate":"2021-10-07T12:00:00+02:00","endDate":"2021-10-07T12:00:00+02:00","performer":"Organization"}}