{"id":398,"global_id":"www.comunicacionyescuela.es\/2021?id=398","global_id_lineage":["www.comunicacionyescuela.es\/2021?id=398"],"author":"2","status":"publish","date":"2021-04-01 18:39:09","date_utc":"2021-04-01 16:39:09","modified":"2021-04-06 14:41:17","modified_utc":"2021-04-06 12:41:17","url":"https:\/\/www.comunicacionyescuela.es\/2021\/event\/desarrollo-humano-e-ingenieria-del-agua\/","rest_url":"https:\/\/www.comunicacionyescuela.es\/2021\/wp-json\/tribe\/events\/v1\/events\/398","title":"Desarrollo humano e ingenier\u00eda del agua","description":"<p>INTERVIENE:<br \/>\n<strong>D\u00f1a. Carmen Molej\u00f3n Quintana<\/strong>. Ingeniera de Caminos, Canales<br \/>\ny Puertos. Ex alumna del IES Elisa y Luis Villamil<br \/>\nPRESENTAN:<br \/>\n<strong>D. Emilio Garc\u00eda Garc\u00eda<\/strong>. Jefe del Departamento de Filosof\u00eda del<br \/>\nIES Elisa y Luis Villamil<br \/>\n<strong>D. Luis Felipe Fern\u00e1ndez Garc\u00eda<\/strong>. Coordinador del Foro<br \/>\nComunicaci\u00f3n y Escuela<br \/>\nConferencia online. 12 horas<br \/>\nDirigida a los alumnos de 1\u00ba de Bachillerato<br \/>\nPARTICIPA:<br \/>\nInstituto de Educaci\u00f3n Secundaria \u201cElisa y Luis Villamil\u201d. Vegadeo<br \/>\nNota: La conferenciante D\u00f1a. Carmen Molej\u00f3n Quintana es natural de<br \/>\nLourido (San Tirso de Abres).<\/p>","excerpt":"","slug":"desarrollo-humano-e-ingenieria-del-agua","image":false,"all_day":false,"start_date":"2021-06-22 12:00:00","start_date_details":{"year":"2021","month":"06","day":"22","hour":"12","minutes":"00","seconds":"00"},"end_date":"2021-06-22 12:00:00","end_date_details":{"year":"2021","month":"06","day":"22","hour":"12","minutes":"00","seconds":"00"},"utc_start_date":"2021-06-22 10:00:00","utc_start_date_details":{"year":"2021","month":"06","day":"22","hour":"10","minutes":"00","seconds":"00"},"utc_end_date":"2021-06-22 10:00:00","utc_end_date_details":{"year":"2021","month":"06","day":"22","hour":"10","minutes":"00","seconds":"00"},"timezone":"Europe\/Madrid","timezone_abbr":"CEST","cost":"","cost_details":{"currency_symbol":"","currency_code":"","currency_position":"prefix","values":[]},"website":"","show_map":false,"show_map_link":false,"hide_from_listings":false,"sticky":false,"featured":false,"categories":[{"name":"Una clase con...","slug":"una-clase-con","term_group":0,"term_taxonomy_id":23,"taxonomy":"tribe_events_cat","description":"","parent":24,"count":11,"filter":"raw","id":23,"urls":{"self":"https:\/\/www.comunicacionyescuela.es\/2021\/wp-json\/tribe\/events\/v1\/categories\/23","collection":"https:\/\/www.comunicacionyescuela.es\/2021\/wp-json\/tribe\/events\/v1\/categories","up":"https:\/\/www.comunicacionyescuela.es\/2021\/wp-json\/tribe\/events\/v1\/categories\/24"}}],"tags":[],"venue":[],"organizer":[],"json_ld":{"@context":"http:\/\/schema.org","@type":"Event","name":"Desarrollo humano e ingenier\u00eda del agua","description":"&lt;p&gt;INTERVIENE: D\u00f1a. Carmen Molej\u00f3n Quintana. Ingeniera de Caminos, Canales y Puertos. Ex alumna del IES Elisa y Luis Villamil PRESENTAN: D. Emilio Garc\u00eda Garc\u00eda. Jefe del Departamento de Filosof\u00eda del ... &lt;a title=&quot;Desarrollo humano e ingenier\u00eda del agua&quot; class=&quot;read-more&quot; href=&quot;https:\/\/www.comunicacionyescuela.es\/2021\/event\/desarrollo-humano-e-ingenieria-del-agua\/&quot; aria-label=&quot;Leer m\u00e1s sobre Desarrollo humano e ingenier\u00eda del agua&quot;&gt;Leer m\u00e1s&lt;\/a&gt;&lt;\/p&gt;\\n","url":"https:\/\/www.comunicacionyescuela.es\/2021\/event\/desarrollo-humano-e-ingenieria-del-agua\/","eventAttendanceMode":"https:\/\/schema.org\/OfflineEventAttendanceMode","eventStatus":"https:\/\/schema.org\/EventScheduled","startDate":"2021-06-22T12:00:00+02:00","endDate":"2021-06-22T12:00:00+02:00","performer":"Organization"}}